{"id":1423,"date":"2026-02-12T08:50:20","date_gmt":"2026-02-12T08:50:20","guid":{"rendered":"https:\/\/eskigazeteci.com\/?p=1423"},"modified":"2026-02-12T08:50:20","modified_gmt":"2026-02-12T08:50:20","slug":"irandaki-gosterilerde-hayatini-kaybedenlerin-sayisi-guncellendi","status":"publish","type":"post","link":"https:\/\/eskigazeteci.com\/?p=1423","title":{"rendered":"\u0130ran&#8217;daki g\u00f6sterilerde hayat\u0131n\u0131 kaybedenlerin say\u0131s\u0131 g\u00fcncellendi"},"content":{"rendered":"<p>\u0130ran&#x27;da g\u00f6steriler son bulmu\u015f olsa da ABD&#x27;nin Virginia eyaleti merkezli HRANA, daha fazla vakay\u0131 do\u011frulad\u0131\u011f\u0131n\u0131 \u00f6ne s\u00fcrerek \u00f6l\u00fc ve g\u00f6zalt\u0131 say\u0131lar\u0131n\u0131 g\u00fcncellemeye devam ediyor.\u200b\u200b\u200b\u200b\u200b\u200b\u200b<\/p>\n<p>HRANA&#x27;n\u0131n haberine g\u00f6re, \u00fclkenin bir\u00e7ok noktas\u0131ndaki g\u00f6sterilerde \u00e7\u0131kan olaylarda 52 bin 941 ki\u015fi g\u00f6zalt\u0131na al\u0131nd\u0131, 214&#x27;\u00fc g\u00fcvenlik g\u00f6revlisi olmak \u00fczere 7 bin 2 ki\u015fi ya\u015fam\u0131n\u0131 yitirdi.<\/p>\n<p>Halihaz\u0131rda 11 bin 730 vakan\u0131n daha inceleme a\u015famas\u0131nda oldu\u011funu aktaran HRANA, en son \u00f6l\u00fc say\u0131s\u0131n\u0131 6 bin 984 olarak payla\u015fm\u0131\u015ft\u0131.<\/p>\n<p>\u0130RAN&#x27;DAK\u0130 R\u0130YAL PROTESTOLARI<\/p>\n<p>\u0130ran&#x27;da 28 Aral\u0131k 2025&#x27;te yerel para birimi riyalin d\u00f6viz kar\u015f\u0131s\u0131nda h\u0131zla de\u011fer kaybetmesi ve ekonomik s\u0131k\u0131nt\u0131lar\u0131n derinle\u015fmesi nedeniyle Tahran B\u00fcy\u00fck \u00c7ar\u015f\u0131&#x27;da esnaf\u0131n \u00f6nc\u00fcl\u00fc\u011f\u00fcnde ba\u015flayan g\u00f6steriler \u00fclke geneline yay\u0131lm\u0131\u015ft\u0131.<\/p>\n<p>Ba\u015fkent Tahran&#x27;da 8 Ocak&#x27;ta \u015fiddetlenen protestolar s\u0131ras\u0131nda \u00e7\u0131kan olaylar sonucu \u00fclke y\u00f6netimi internet eri\u015fimini engellemi\u015f, 8-9 Ocak g\u00fcnlerinde emniyet g\u00fc\u00e7leri protestolara m\u00fcdahale ederek bast\u0131rm\u0131\u015ft\u0131.<\/p>\n<p>\u0130ran \u015eehit ve Gaziler Vakf\u0131, Adli T\u0131p Kurumuna dayand\u0131rd\u0131\u011f\u0131 21 Ocak&#x27;taki a\u00e7\u0131klamas\u0131nda, g\u00f6sterilerde; g\u00fcvenlik g\u00fc\u00e7leri ve siviller dahil 3 bin 117 ki\u015finin hayat\u0131n\u0131 kaybetti\u011fini duyurmu\u015ftu.<\/p>\n<p>Bu ki\u015filerden 2 bin 427&#x27;sinin &quot;silahl\u0131&#8230;<\/p>\n","protected":false},"excerpt":{"rendered":"<p>ABD merkezli \u0130ran \u0130nsan Haklar\u0131 Aktivistleri Haber Ajans\u0131 (HRANA), 8-9 Ocak&#8217;ta emniyet g\u00fc\u00e7lerinin m\u00fcdahalesiyle bast\u0131r\u0131lan \u0130ran&#8217;daki eylemlerde ya\u015fam\u0131n\u0131&#8230;<\/p>\n","protected":false},"author":2,"featured_media":1422,"comment_status":"open","ping_status":"open","sticky":false,"template":"","format":"standard","meta":{"footnotes":""},"categories":[8,6,5],"tags":[],"class_list":["post-1423","post","type-post","status-publish","format-standard","has-post-thumbnail","hentry","category-arsiv","category-gundem","category-son-dakika"],"_links":{"self":[{"href":"https:\/\/eskigazeteci.com\/index.php?rest_route=\/wp\/v2\/posts\/1423","targetHints":{"allow":["GET"]}}],"collection":[{"href":"https:\/\/eskigazeteci.com\/index.php?rest_route=\/wp\/v2\/posts"}],"about":[{"href":"https:\/\/eskigazeteci.com\/index.php?rest_route=\/wp\/v2\/types\/post"}],"author":[{"embeddable":true,"href":"https:\/\/eskigazeteci.com\/index.php?rest_route=\/wp\/v2\/users\/2"}],"replies":[{"embeddable":true,"href":"https:\/\/eskigazeteci.com\/index.php?rest_route=%2Fwp%2Fv2%2Fcomments&post=1423"}],"version-history":[{"count":0,"href":"https:\/\/eskigazeteci.com\/index.php?rest_route=\/wp\/v2\/posts\/1423\/revisions"}],"wp:featuredmedia":[{"embeddable":true,"href":"https:\/\/eskigazeteci.com\/index.php?rest_route=\/wp\/v2\/media\/1422"}],"wp:attachment":[{"href":"https:\/\/eskigazeteci.com\/index.php?rest_route=%2Fwp%2Fv2%2Fmedia&parent=1423"}],"wp:term":[{"taxonomy":"category","embeddable":true,"href":"https:\/\/eskigazeteci.com\/index.php?rest_route=%2Fwp%2Fv2%2Fcategories&post=1423"},{"taxonomy":"post_tag","embeddable":true,"href":"https:\/\/eskigazeteci.com\/index.php?rest_route=%2Fwp%2Fv2%2Ftags&post=1423"}],"curies":[{"name":"wp","href":"https:\/\/api.w.org\/{rel}","templated":true}]}}