{"id":1421,"date":"2026-02-12T08:48:48","date_gmt":"2026-02-12T08:48:48","guid":{"rendered":"https:\/\/eskigazeteci.com\/?p=1421"},"modified":"2026-02-12T08:48:48","modified_gmt":"2026-02-12T08:48:48","slug":"abd-stratejik-usten-cekildi-suriye-hukumeti-teslim-aldi","status":"publish","type":"post","link":"https:\/\/eskigazeteci.com\/?p=1421","title":{"rendered":"ABD stratejik \u00fcsten \u00e7ekildi: Suriye h\u00fck\u00fcmeti teslim ald\u0131"},"content":{"rendered":"<p>ABD, \u00dcrd\u00fcn ve Irak s\u0131n\u0131r\u0131yla kesi\u015fen Suriye&#x27;deki Tenef \u00dcss\u00fc&#x27;nden \u00e7ekildi.<\/p>\n<p>Suriye h\u00fck\u00fcmeti kaynaklar\u0131, AA muhabirine, Suriye ordusunun \u00fcss\u00fc teslim alarak burada konu\u015fland\u0131\u011f\u0131n\u0131 aktard\u0131.<\/p>\n<p>ABD&#x27;nin Tenef \u00dcss\u00fc&#x27;ne 22 kilometre mesafede \u00dcrd\u00fcn s\u0131n\u0131rlar\u0131 i\u00e7indeki Kule 22 \u00dcss\u00fc&#x27;ne \u00e7ekildi\u011fi belirtildi.<\/p>\n<p>\u00dcrd\u00fcn s\u0131n\u0131rlar\u0131 i\u00e7indeki Kule 22 \u00dcss\u00fc ile Suriye &#x27;deki Tenef \u00dcss\u00fc aras\u0131nda 22 kilometrelik mesafe bulunuyor.<\/p>\n<p>Tenef&#x27;te bir d\u00f6nem 200 civar\u0131nda ABD askerinin bulundu\u011fu aktar\u0131l\u0131rken, Kule 22&#x27;de konu\u015flu ABD askeri say\u0131s\u0131na ili\u015fkin ise kesin veri bulunmuyor.<\/p>\n<p>ABD , 2017 ve 2018&#x27;de geni\u015fletti\u011fi Tenef \u00dcss\u00fc&#x27;nden kald\u0131r\u0131lan g\u00f6zetleme balonlar\u0131yla \u00dcrd\u00fcn s\u0131n\u0131r\u0131 ile F\u0131rat Nehri aras\u0131ndaki y\u00fczlerce kilometrelik alanda \u0130ran<\/p>\n<p>Yurtd\u0131\u015f\u0131nda ya\u015fanan en son olaylar, d\u00fcnya g\u00fcndemine oturan d\u0131\u015f haberler, son dakika d\u00fcnya haberleri, di\u011fer d\u00fcnya \u00fclkelerinden g\u00fcncel haberler i\u00e7in T\u00fcrkiye&#x27;nin haber sitesi hurriyet.com.tr; Hurriyet.com.tr haber i\u00e7erikleri kaynak g\u00f6sterilmeden al\u0131nt\u0131 yap\u0131lamaz, Kanuna ayk\u0131r\u0131 ve izinsiz olarak kopyalanamaz, ba\u015fka yerde yay\u0131nlanamaz.<\/p>\n","protected":false},"excerpt":{"rendered":"<p>Suriye h\u00fck\u00fcmeti, ABD&#8217;nin yakla\u015f\u0131k 10 y\u0131l konu\u015fland\u0131ktan sonra \u00e7ekildi\u011fi, Irak ve \u00dcrd\u00fcn s\u0131n\u0131r\u0131yla kesi\u015fen stratejik Tenef \u00dcss\u00fc&#8217;n\u00fc teslim ald\u0131.<\/p>\n","protected":false},"author":2,"featured_media":1420,"comment_status":"open","ping_status":"open","sticky":false,"template":"","format":"standard","meta":{"footnotes":""},"categories":[8,6,5],"tags":[],"class_list":["post-1421","post","type-post","status-publish","format-standard","has-post-thumbnail","hentry","category-arsiv","category-gundem","category-son-dakika"],"_links":{"self":[{"href":"https:\/\/eskigazeteci.com\/index.php?rest_route=\/wp\/v2\/posts\/1421","targetHints":{"allow":["GET"]}}],"collection":[{"href":"https:\/\/eskigazeteci.com\/index.php?rest_route=\/wp\/v2\/posts"}],"about":[{"href":"https:\/\/eskigazeteci.com\/index.php?rest_route=\/wp\/v2\/types\/post"}],"author":[{"embeddable":true,"href":"https:\/\/eskigazeteci.com\/index.php?rest_route=\/wp\/v2\/users\/2"}],"replies":[{"embeddable":true,"href":"https:\/\/eskigazeteci.com\/index.php?rest_route=%2Fwp%2Fv2%2Fcomments&post=1421"}],"version-history":[{"count":0,"href":"https:\/\/eskigazeteci.com\/index.php?rest_route=\/wp\/v2\/posts\/1421\/revisions"}],"wp:featuredmedia":[{"embeddable":true,"href":"https:\/\/eskigazeteci.com\/index.php?rest_route=\/wp\/v2\/media\/1420"}],"wp:attachment":[{"href":"https:\/\/eskigazeteci.com\/index.php?rest_route=%2Fwp%2Fv2%2Fmedia&parent=1421"}],"wp:term":[{"taxonomy":"category","embeddable":true,"href":"https:\/\/eskigazeteci.com\/index.php?rest_route=%2Fwp%2Fv2%2Fcategories&post=1421"},{"taxonomy":"post_tag","embeddable":true,"href":"https:\/\/eskigazeteci.com\/index.php?rest_route=%2Fwp%2Fv2%2Ftags&post=1421"}],"curies":[{"name":"wp","href":"https:\/\/api.w.org\/{rel}","templated":true}]}}