{"id":1419,"date":"2026-02-12T08:47:15","date_gmt":"2026-02-12T08:47:15","guid":{"rendered":"https:\/\/eskigazeteci.com\/?p=1419"},"modified":"2026-02-12T08:47:15","modified_gmt":"2026-02-12T08:47:15","slug":"meksikada-ordu-ve-kartel-uyeleri-arasinda-catisma","status":"publish","type":"post","link":"https:\/\/eskigazeteci.com\/?p=1419","title":{"rendered":"Meksika&#8217;da ordu ve kartel \u00fcyeleri aras\u0131nda \u00e7at\u0131\u015fma"},"content":{"rendered":"<p>Meksika G\u00fcvenlik Bakan\u0131 Omar Garcia Harfuch, ABD merkezli X \u015firketinin sosyal medya platformundan yapt\u0131\u011f\u0131 a\u00e7\u0131klamada, Deniz Kuvvetleri personelinin Sinaloa eyaletinde devriye yaparken organize su\u00e7 \u00f6rg\u00fct\u00fc \u00fcyelerinin sald\u0131r\u0131s\u0131na u\u011frad\u0131\u011f\u0131n\u0131 bildirdi.<\/p>\n<p>\u00c7\u0131kan \u00e7at\u0131\u015fmada bir ki\u015finin hayat\u0131n\u0131 kaybetti\u011fini, 9 ki\u015finin g\u00f6zalt\u0131na al\u0131nd\u0131\u011f\u0131n\u0131 belirten Garcia Harfuch, operasyonda y\u00fcksek kalibreli silahlar, el bombalar\u0131 ve 89 patlay\u0131c\u0131 d\u00fczene\u011fin ele ge\u00e7irildi\u011fini kaydetti.<\/p>\n<p>Garcia Harfuch, ilgili kurumlar\u0131n, halk\u0131 korumak amac\u0131yla b\u00f6lgede g\u00fcvenlik \u00f6nlemlerini s\u00fcrd\u00fcrd\u00fc\u011f\u00fcne i\u015faret ederek, operasyonlar\u0131n devam etti\u011fini, kamuoyunun bilgilendirilece\u011fini aktard\u0131.<\/p>\n<p>ORDU VE \u00c7ETELER, KARTEL B\u00d6LGES\u0130NDE KAR\u015eI KAR\u015eIYA GELD\u0130<\/p>\n<p>Sald\u0131r\u0131, eski uyu\u015fturucu baronu &quot;El Chapo&quot; lakapl\u0131 Joaquin Guzman&#x27;\u0131n o\u011fullar\u0131n\u0131n eleba\u015f\u0131l\u0131\u011f\u0131n\u0131 yapt\u0131\u011f\u0131 ve Sinaloa Karteli&#x27;nin bir kolu olan &quot;Los Chapitos&quot; su\u00e7 \u00f6rg\u00fct\u00fcn\u00fcn kontrol\u00fcndeki El Limoncito k\u0131rsal\u0131nda meydana geldi.<\/p>\n<p>Sinaloa Karteli&#x27;nin \u00f6nde gelen isimlerinden &quot;El Mayo&quot; lakapl\u0131 Ismael Zambada Garcia&#x27;n\u0131n Temmuz 2024&#x27;te tutuklanmas\u0131n\u0131n ard\u0131ndan kartel, biri Chapo&#x27;nun miras\u00e7\u0131lar\u0131 di\u011feri ise El Mayo&#x27;nun sad\u0131k destek\u00e7ileri taraf\u0131ndan kontrol edilen iki gruba b\u00f6l\u00fcnm\u00fc\u015ft\u00fc.<\/p>\n<p>Bu g\u00fc\u00e7&#8230;<\/p>\n","protected":false},"excerpt":{"rendered":"<p>Meksika&#8217;n\u0131n Culiacan kentine ba\u011fl\u0131 El Limoncito k\u0131rsal\u0131nda Deniz Kuvvetleri ile Sinaloa Karteli \u00fcyeleri aras\u0131nda \u00e7at\u0131\u015fma \u00e7\u0131kt\u0131\u011f\u0131 bildirildi.<\/p>\n","protected":false},"author":2,"featured_media":1418,"comment_status":"open","ping_status":"open","sticky":false,"template":"","format":"standard","meta":{"footnotes":""},"categories":[8,6,5],"tags":[],"class_list":["post-1419","post","type-post","status-publish","format-standard","has-post-thumbnail","hentry","category-arsiv","category-gundem","category-son-dakika"],"_links":{"self":[{"href":"https:\/\/eskigazeteci.com\/index.php?rest_route=\/wp\/v2\/posts\/1419","targetHints":{"allow":["GET"]}}],"collection":[{"href":"https:\/\/eskigazeteci.com\/index.php?rest_route=\/wp\/v2\/posts"}],"about":[{"href":"https:\/\/eskigazeteci.com\/index.php?rest_route=\/wp\/v2\/types\/post"}],"author":[{"embeddable":true,"href":"https:\/\/eskigazeteci.com\/index.php?rest_route=\/wp\/v2\/users\/2"}],"replies":[{"embeddable":true,"href":"https:\/\/eskigazeteci.com\/index.php?rest_route=%2Fwp%2Fv2%2Fcomments&post=1419"}],"version-history":[{"count":0,"href":"https:\/\/eskigazeteci.com\/index.php?rest_route=\/wp\/v2\/posts\/1419\/revisions"}],"wp:featuredmedia":[{"embeddable":true,"href":"https:\/\/eskigazeteci.com\/index.php?rest_route=\/wp\/v2\/media\/1418"}],"wp:attachment":[{"href":"https:\/\/eskigazeteci.com\/index.php?rest_route=%2Fwp%2Fv2%2Fmedia&parent=1419"}],"wp:term":[{"taxonomy":"category","embeddable":true,"href":"https:\/\/eskigazeteci.com\/index.php?rest_route=%2Fwp%2Fv2%2Fcategories&post=1419"},{"taxonomy":"post_tag","embeddable":true,"href":"https:\/\/eskigazeteci.com\/index.php?rest_route=%2Fwp%2Fv2%2Ftags&post=1419"}],"curies":[{"name":"wp","href":"https:\/\/api.w.org\/{rel}","templated":true}]}}