{"id":14179,"date":"2026-03-21T04:35:42","date_gmt":"2026-03-21T04:35:42","guid":{"rendered":"https:\/\/eskigazeteci.com\/?p=14179"},"modified":"2026-03-21T04:35:42","modified_gmt":"2026-03-21T04:35:42","slug":"eski-yunan-bakan-varufakis-hurriyete-konustu-turkiye-akilli-davrandi-biz-israil-uydusu-olduk","status":"publish","type":"post","link":"https:\/\/eskigazeteci.com\/?p=14179","title":{"rendered":"Eski Yunan Bakan Varufakis H\u00fcrriyet\u2019e konu\u015ftu\u2026 \u2018T\u00fcrkiye ak\u0131ll\u0131 davrand\u0131, biz \u0130srail uydusu olduk\u2019"},"content":{"rendered":"<p>YAN\u0130S Varufakis 2015\u2019te Yunanistan\u2019\u0131 sarsan b\u00fcy\u00fck ekonomik krizin en dikkat \u00e7eken ismiydi. Yunanistan\u2019\u0131n eski maliye bakan\u0131 ve ekonomi profes\u00f6r\u00fc.<\/p>\n<p>Bug\u00fcn ise \u0130srail\u2019i a\u00e7\u0131k\u00e7a \u201csoyk\u0131r\u0131mc\u0131\u201d ilan eden en s\u0131ra d\u0131\u015f\u0131 siyaset\u00e7ilerden biri. Gazze\u2019de ya\u015fananlar kar\u015f\u0131s\u0131nda Avrupa\u2019n\u0131n sessizli\u011fini sert s\u00f6zlerle ele\u015ftirdi. Bedelini de \u00f6dedi: Almanya\u2019ya giri\u015fi ve siyasi faaliyetleri yasakland\u0131. Avrupa\u2019da ve Yunanistan\u2019da ise adeta d\u0131\u015fland\u0131.<\/p>\n<p>Mera25 adl\u0131 siyasi partinin lideri de olan Varufakis, H\u00fcrriyet\u2019e verdi\u011fi r\u00f6portajda, T\u00fcrkiye\u2019nin son d\u00f6nemde gerilimlerdeki rol\u00fcne dikkat \u00e7ekerek, \u201cT\u00fcrkiye, Yunanistan\u2019\u0131n ba\u015faramad\u0131\u011f\u0131n\u0131 yap\u0131yor. Kendini arabulucu olarak konumland\u0131r\u0131yor\u201d dedi. Yunanistan\u2019\u0131 ise, ABD ve \u0130srail\u2019in \u201cuydusu\u201d haline gelmekle su\u00e7lad\u0131.<\/p>\n<p>\u2018T\u00dcRK\u0130YE \u0130SRA\u0130L \u0130\u00c7\u0130N \u00c7OK B\u00dcY\u00dcK BALIK\u2019<\/p>\n<p>&#8211; T\u00fcrkiye bar\u0131\u015f i\u00e7in u\u011fra\u015f\u0131rken, ABD ve \u0130srail taraf\u0131ndan sava\u015fa \u00e7ekilmeye mi \u00e7al\u0131\u015f\u0131l\u0131yor? T\u00fcrkiye\u2019ye sald\u0131rmak, (\u0130srail Ba\u015fbakan\u0131 Binyamin) Netanyahu i\u00e7in \u00e7ok yanl\u0131\u015f bir hesap olur. \u0130srail bir taraftan su\u00e7lu, di\u011fer taraftan da korkak. Kaybetme ihtimali olan bir sava\u015fa girmez. T\u00fcrkiye ise \u0130srail i\u00e7in \u00e7ok \u201cb\u00fcy\u00fck bir bal\u0131k\u201d. \u0130srail t\u00fcm b\u00f6lge ve insanl\u0131k i\u00e7in a\u00e7\u0131k bir tehlike. Filistin\u2019de i\u015fledi\u011fi soyk\u0131r\u0131m su\u00e7unu&#8230;<\/p>\n","protected":false},"excerpt":{"rendered":"<p>Yunanistan\u2019\u0131n eski Maliye Bakan\u0131 ve ekonomi profes\u00f6r\u00fc Yanis Varufakis, T\u00fcrkiye\u2019nin son d\u00f6nemde gerilimlerdeki rol\u00fcne dikkat \u00e7ekerek, \u201cT\u00fcrkiye, Yunanistan\u2019\u0131n&#8230;<\/p>\n","protected":false},"author":2,"featured_media":14178,"comment_status":"open","ping_status":"open","sticky":false,"template":"","format":"standard","meta":{"footnotes":""},"categories":[8,6,5],"tags":[],"class_list":["post-14179","post","type-post","status-publish","format-standard","has-post-thumbnail","hentry","category-arsiv","category-gundem","category-son-dakika"],"_links":{"self":[{"href":"https:\/\/eskigazeteci.com\/index.php?rest_route=\/wp\/v2\/posts\/14179","targetHints":{"allow":["GET"]}}],"collection":[{"href":"https:\/\/eskigazeteci.com\/index.php?rest_route=\/wp\/v2\/posts"}],"about":[{"href":"https:\/\/eskigazeteci.com\/index.php?rest_route=\/wp\/v2\/types\/post"}],"author":[{"embeddable":true,"href":"https:\/\/eskigazeteci.com\/index.php?rest_route=\/wp\/v2\/users\/2"}],"replies":[{"embeddable":true,"href":"https:\/\/eskigazeteci.com\/index.php?rest_route=%2Fwp%2Fv2%2Fcomments&post=14179"}],"version-history":[{"count":0,"href":"https:\/\/eskigazeteci.com\/index.php?rest_route=\/wp\/v2\/posts\/14179\/revisions"}],"wp:featuredmedia":[{"embeddable":true,"href":"https:\/\/eskigazeteci.com\/index.php?rest_route=\/wp\/v2\/media\/14178"}],"wp:attachment":[{"href":"https:\/\/eskigazeteci.com\/index.php?rest_route=%2Fwp%2Fv2%2Fmedia&parent=14179"}],"wp:term":[{"taxonomy":"category","embeddable":true,"href":"https:\/\/eskigazeteci.com\/index.php?rest_route=%2Fwp%2Fv2%2Fcategories&post=14179"},{"taxonomy":"post_tag","embeddable":true,"href":"https:\/\/eskigazeteci.com\/index.php?rest_route=%2Fwp%2Fv2%2Ftags&post=14179"}],"curies":[{"name":"wp","href":"https:\/\/api.w.org\/{rel}","templated":true}]}}