{"id":14177,"date":"2026-03-21T04:34:08","date_gmt":"2026-03-21T04:34:08","guid":{"rendered":"https:\/\/eskigazeteci.com\/?p=14177"},"modified":"2026-03-21T04:34:08","modified_gmt":"2026-03-21T04:34:08","slug":"savasta-22-gun-abd","status":"publish","type":"post","link":"https:\/\/eskigazeteci.com\/?p=14177","title":{"rendered":"Sava\u015fta 22. g\u00fcn&#8230; ABD"},"content":{"rendered":"<p>\u0130srail ordusu d\u00fcn \u0130ran\u2019\u0131n ba\u015fkenti Tahran\u2019daki \u201crejime ait hedeflere kar\u015f\u0131 yeni bir sald\u0131r\u0131 dalgas\u0131\u201d ger\u00e7ekle\u015ftirdi. Ordudan yap\u0131lan a\u00e7\u0131klamada, \u0130ran\u2019\u0131n bat\u0131 ve orta kesimlerinde 24 saatte 130\u2019dan fazla hedefin vuruldu\u011fu belirtildi. Hedefler aras\u0131nda f\u00fcze rampalar\u0131 ve hava savunma sistemlerinin yan\u0131 s\u0131ra insans\u0131z hava ara\u00e7lar\u0131n\u0131n da (\u0130HA) yer ald\u0131\u011f\u0131 aktar\u0131ld\u0131. \u00d6te yandan \u0130ran misillemesinin \u00f6nceki g\u00fcn hedef ald\u0131\u011f\u0131 Hayfa kentindeki petrol tesisi yak\u0131nlar\u0131nda ilave hasar tespit edildi\u011fi, rafinerideki onar\u0131m faaliyetlerinin \u201cbirka\u00e7 g\u00fcn\u201d s\u00fcrece\u011fi duyuruldu.<\/p>\n<p>\u0130RAN: SONUNUZ ZAL\u0130M SADDAM G\u0130B\u0130 OLACAK<\/p>\n<p>\u0130ran Devrim Muhaf\u0131zlar\u0131 da \u00f6nceki gece yerel saatle 01.20\u2019de \u201c\u0130srail\u2019in kalbindeki ve g\u00fcneyindeki hedeflere, Tel Aviv\u2019e ve b\u00f6lgedeki Amerikan ordusunun \u00fcslerine kar\u015f\u0131\u201d misilleme sald\u0131r\u0131lar ger\u00e7ekle\u015ftirdi. Sald\u0131r\u0131da kat\u0131 ve s\u0131v\u0131 yak\u0131tl\u0131 ve \u00e7oklu sava\u015f ba\u015fl\u0131\u011f\u0131na sahip Kadir, H\u00fcrrem\u015fehr ve Hayber\u015fiken sistemleri ile orta menzilli K\u0131yam ve Z\u00fclfikar f\u00fczeleri ve imha \u0130HA\u2019lar\u0131 kullan\u0131ld\u0131. Devrim Muhaf\u0131zlar\u0131\u2019ndan yap\u0131lan a\u00e7\u0131klamada, \u201cPe\u015finizi b\u0131rakmayaca\u011f\u0131z; bu dalga devam ediyor\u201d ifadesi kullan\u0131ld\u0131. Kadir f\u00fczesinin geli\u015fmi\u015f g\u00fcd\u00fcml\u00fc versiyonu olan \u00e7oklu sava\u015f ba\u015fl\u0131\u011f\u0131na sahip Nasrallah f\u00fczesi de&#8230;<\/p>\n","protected":false},"excerpt":{"rendered":"<p>Ortado\u011fu\u2019da sular durulmuyor. ABD-\u0130srail cephesi \u0130ran\u2019a bomba ya\u011fd\u0131rmaya d\u00fcn de devam etti. \u0130srail ordusundan yap\u0131lan a\u00e7\u0131klamada \u0130ran\u2019\u0131n bat\u0131 ve orta&#8230;<\/p>\n","protected":false},"author":2,"featured_media":14176,"comment_status":"open","ping_status":"open","sticky":false,"template":"","format":"standard","meta":{"footnotes":""},"categories":[8,6,5],"tags":[],"class_list":["post-14177","post","type-post","status-publish","format-standard","has-post-thumbnail","hentry","category-arsiv","category-gundem","category-son-dakika"],"_links":{"self":[{"href":"https:\/\/eskigazeteci.com\/index.php?rest_route=\/wp\/v2\/posts\/14177","targetHints":{"allow":["GET"]}}],"collection":[{"href":"https:\/\/eskigazeteci.com\/index.php?rest_route=\/wp\/v2\/posts"}],"about":[{"href":"https:\/\/eskigazeteci.com\/index.php?rest_route=\/wp\/v2\/types\/post"}],"author":[{"embeddable":true,"href":"https:\/\/eskigazeteci.com\/index.php?rest_route=\/wp\/v2\/users\/2"}],"replies":[{"embeddable":true,"href":"https:\/\/eskigazeteci.com\/index.php?rest_route=%2Fwp%2Fv2%2Fcomments&post=14177"}],"version-history":[{"count":0,"href":"https:\/\/eskigazeteci.com\/index.php?rest_route=\/wp\/v2\/posts\/14177\/revisions"}],"wp:featuredmedia":[{"embeddable":true,"href":"https:\/\/eskigazeteci.com\/index.php?rest_route=\/wp\/v2\/media\/14176"}],"wp:attachment":[{"href":"https:\/\/eskigazeteci.com\/index.php?rest_route=%2Fwp%2Fv2%2Fmedia&parent=14177"}],"wp:term":[{"taxonomy":"category","embeddable":true,"href":"https:\/\/eskigazeteci.com\/index.php?rest_route=%2Fwp%2Fv2%2Fcategories&post=14177"},{"taxonomy":"post_tag","embeddable":true,"href":"https:\/\/eskigazeteci.com\/index.php?rest_route=%2Fwp%2Fv2%2Ftags&post=14177"}],"curies":[{"name":"wp","href":"https:\/\/api.w.org\/{rel}","templated":true}]}}