{"id":14175,"date":"2026-03-21T04:32:29","date_gmt":"2026-03-21T04:32:29","guid":{"rendered":"https:\/\/eskigazeteci.com\/?p=14175"},"modified":"2026-03-21T04:32:29","modified_gmt":"2026-03-21T04:32:29","slug":"ayni-savas-farkli-hedefler-abd-hurmuze-israil-rejime-odaklandi","status":"publish","type":"post","link":"https:\/\/eskigazeteci.com\/?p=14175","title":{"rendered":"Ayn\u0131 sava\u015f farkl\u0131 hedefler&#8230; ABD H\u00fcrm\u00fcz\u2019e \u0130srail rejime odakland\u0131"},"content":{"rendered":"<p>\u0130SRA\u0130L Ba\u015fbakan\u0131 Binyamin Netanyahu\u2019nun \u00f6nceki ak\u015fam yapt\u0131\u011f\u0131 a\u00e7\u0131klamada \u201crejimin de\u011fi\u015fmesi i\u00e7in kara m\u00fcdahalesi gerekir\u201d ifadelerinin ard\u0131ndan ABD ve \u0130srail, \u2018\u0130ran\u2019a asker mi indirecek?\u2019 sorusu g\u00fcndeme geldi. ABD\u2019nin Asya Pasifik b\u00f6lgesinden donanma piyade birliklerini \u0130ran\u2019a sevk etti\u011fi medyaya yans\u0131sa da Amerikan bas\u0131n\u0131na konu\u015fan yetkililer, Washington\u2019\u0131n olas\u0131 operasyonunun yaln\u0131zca H\u00fcrm\u00fcz\u2019deki gemi trafi\u011fini istikrara kavu\u015fturmay\u0131 hedefleyece\u011fini vurguluyor. Wall Street Journal\u2019\u0131n d\u00fcnk\u00fc haberinde de Amerikan donanmas\u0131n\u0131 Apache helikopterleri ve al\u00e7ak irtifa u\u00e7an sava\u015f u\u00e7aklar\u0131yla b\u00f6lgedeki \u0130ran sald\u0131r\u0131lar\u0131n\u0131 \u00f6nlemeye \u00e7al\u0131\u015ft\u0131\u011f\u0131 aktar\u0131ld\u0131. ABD g\u00fc\u00e7lerinin \u015fimdiye kadar 120\u2019den fazla \u0130ran deniz unsurunu imha etti\u011fi a\u00e7\u0131klan\u0131rken \u0130ran\u2019\u0131n h\u00e2l\u00e2 gizlenmi\u015f bot ve f\u00fcze kapasitesi bulundu\u011fu de\u011ferlendiriliyor. ABD askeri yetkililerine g\u00f6re deniz yolunun tamamen g\u00fcvenli h\u00e2le gelmesi haftalar s\u00fcrebilir.<\/p>\n<p>HEDEF VE \u00c7IKAR FARKI VAR<\/p>\n<p>ABD ve \u0130srail\u2019in yak\u0131n askeri i\u015f birli\u011fine ra\u011fmen stratejik hedeflerinin tam olarak \u00f6rt\u00fc\u015fmedi\u011fi belirtiliyor. CNN\u2019in haberine g\u00f6re Donald Trump y\u00f6netimi \u0130ran\u2019\u0131n f\u00fcze ve askeri kapasitesini zay\u0131flatmaya odaklan\u0131rken, \u0130srail daha \u00e7ok \u0130ran liderli\u011fini ve rejim yap\u0131s\u0131n\u0131&#8230;<\/p>\n","protected":false},"excerpt":{"rendered":"<p>\u0130srail\u2019in rejim de\u011fi\u015fikli\u011fi vurgusu ve ABD\u2019nin b\u00f6lgeye askeri sevkiyat\u0131, \u0130ran\u2019a kara m\u00fcdahalesi ihtimalini yeniden g\u00fcndeme ta\u015f\u0131d\u0131. Washington deniz&#8230;<\/p>\n","protected":false},"author":2,"featured_media":14174,"comment_status":"open","ping_status":"open","sticky":false,"template":"","format":"standard","meta":{"footnotes":""},"categories":[8,6,5],"tags":[],"class_list":["post-14175","post","type-post","status-publish","format-standard","has-post-thumbnail","hentry","category-arsiv","category-gundem","category-son-dakika"],"_links":{"self":[{"href":"https:\/\/eskigazeteci.com\/index.php?rest_route=\/wp\/v2\/posts\/14175","targetHints":{"allow":["GET"]}}],"collection":[{"href":"https:\/\/eskigazeteci.com\/index.php?rest_route=\/wp\/v2\/posts"}],"about":[{"href":"https:\/\/eskigazeteci.com\/index.php?rest_route=\/wp\/v2\/types\/post"}],"author":[{"embeddable":true,"href":"https:\/\/eskigazeteci.com\/index.php?rest_route=\/wp\/v2\/users\/2"}],"replies":[{"embeddable":true,"href":"https:\/\/eskigazeteci.com\/index.php?rest_route=%2Fwp%2Fv2%2Fcomments&post=14175"}],"version-history":[{"count":0,"href":"https:\/\/eskigazeteci.com\/index.php?rest_route=\/wp\/v2\/posts\/14175\/revisions"}],"wp:featuredmedia":[{"embeddable":true,"href":"https:\/\/eskigazeteci.com\/index.php?rest_route=\/wp\/v2\/media\/14174"}],"wp:attachment":[{"href":"https:\/\/eskigazeteci.com\/index.php?rest_route=%2Fwp%2Fv2%2Fmedia&parent=14175"}],"wp:term":[{"taxonomy":"category","embeddable":true,"href":"https:\/\/eskigazeteci.com\/index.php?rest_route=%2Fwp%2Fv2%2Fcategories&post=14175"},{"taxonomy":"post_tag","embeddable":true,"href":"https:\/\/eskigazeteci.com\/index.php?rest_route=%2Fwp%2Fv2%2Ftags&post=14175"}],"curies":[{"name":"wp","href":"https:\/\/api.w.org\/{rel}","templated":true}]}}