{"id":1417,"date":"2026-02-12T08:45:44","date_gmt":"2026-02-12T08:45:44","guid":{"rendered":"https:\/\/eskigazeteci.com\/?p=1417"},"modified":"2026-02-12T08:45:44","modified_gmt":"2026-02-12T08:45:44","slug":"ukraynanin-kalbi-sabaha-fuzelerle-uyandi","status":"publish","type":"post","link":"https:\/\/eskigazeteci.com\/?p=1417","title":{"rendered":"Ukrayna&#8217;n\u0131n kalbi sabaha f\u00fczelerle uyand\u0131"},"content":{"rendered":"<p>Rusya-Ukrayna sava\u015f\u0131nda kar\u015f\u0131l\u0131kl\u0131 sald\u0131r\u0131lar s\u00fcrerken, ba\u015fkent Kiev ve Odessa ba\u015fta olmak \u00fczere bir\u00e7ok noktada gece boyunca patlamalar ya\u015fand\u0131. Kiev Belediye Ba\u015fkan\u0131 Vitali Kli\u00e7ko, Rus ordusunun sabah erken saatlerden itibaren kente yo\u011fun hava sald\u0131r\u0131s\u0131 d\u00fczenledi\u011fini duyurdu. Rusya ise Ukrayna\u2019ya ait 106 insans\u0131z hava arac\u0131n\u0131n (\u0130HA) imha edildi\u011fini a\u00e7\u0131klad\u0131.<\/p>\n<p>Ukrayna Devlet Ba\u015fkan\u0131 Volodimir Zelenski ise sava\u015f\u0131n, Rusya\u2019n\u0131n da istemesi halinde yaz aylar\u0131na kadar sona erebilece\u011fini s\u00f6yledi.<\/p>\n<p>K\u0130EV\u2019E BAL\u0130ST\u0130K F\u00dcZEL\u0130 SALDIRI<\/p>\n<p>Kiev Belediye Ba\u015fkan\u0131 Vitaliy Kli\u00e7ko, sosyal medya hesab\u0131ndan yapt\u0131\u011f\u0131 a\u00e7\u0131klamada Rusya\u2019n\u0131n ba\u015fkente y\u00f6nelik hava sald\u0131r\u0131s\u0131 ba\u015flatt\u0131\u011f\u0131n\u0131 bildirdi.<\/p>\n<p>Sald\u0131r\u0131lar\u0131n yerel saatle 04.32 itibar\u0131yla ba\u015flad\u0131\u011f\u0131n\u0131 belirten Kli\u00e7ko, \u201cD\u00fc\u015fman, ba\u015fkentin altyap\u0131s\u0131n\u0131 balistik f\u00fczeleri ile vuruyor.\u201d ifadesini kulland\u0131.<\/p>\n<p>Mevcut bilgilere g\u00f6re Kiev\u2019de sald\u0131r\u0131lar nedeniyle 2 ki\u015finin yaraland\u0131\u011f\u0131n\u0131 aktaran Kli\u00e7ko, \u201cBa\u015fkente y\u00f6nelik yo\u011fun d\u00fc\u015fman sald\u0131r\u0131s\u0131 ger\u00e7ekle\u015fiyor.\u201d payla\u015f\u0131m\u0131nda bulundu.<\/p>\n<p>Ukrayna Hava Kuvvetleri Komutanl\u0131\u011f\u0131 da \u00fclkenin farkl\u0131 b\u00f6lgelerine y\u00f6nelik f\u00fcze ve insans\u0131z hava ara\u00e7lar\u0131yla sald\u0131r\u0131lar\u0131n s\u00fcrd\u00fc\u011f\u00fcn\u00fc a\u00e7\u0131klad\u0131.<\/p>\n<p>ODESSA\u2019DA S\u0130V\u0130L VE KR\u0130T\u0130K ALTYAPI ZARAR G\u00d6RD\u00dc<\/p>\n<p>Odessa&#8230;<\/p>\n","protected":false},"excerpt":{"rendered":"<p>Rusya ve Ukrayna aras\u0131nda kar\u015f\u0131l\u0131kl\u0131 sald\u0131r\u0131lar s\u00fcrerken Kiev ve Odessa\u2019da gece boyunca patlamalar ya\u015fand\u0131. Rusya ise Ukrayna\u2019ya ait 106 insans\u0131z hava&#8230;<\/p>\n","protected":false},"author":2,"featured_media":1416,"comment_status":"open","ping_status":"open","sticky":false,"template":"","format":"standard","meta":{"footnotes":""},"categories":[8,6,5],"tags":[],"class_list":["post-1417","post","type-post","status-publish","format-standard","has-post-thumbnail","hentry","category-arsiv","category-gundem","category-son-dakika"],"_links":{"self":[{"href":"https:\/\/eskigazeteci.com\/index.php?rest_route=\/wp\/v2\/posts\/1417","targetHints":{"allow":["GET"]}}],"collection":[{"href":"https:\/\/eskigazeteci.com\/index.php?rest_route=\/wp\/v2\/posts"}],"about":[{"href":"https:\/\/eskigazeteci.com\/index.php?rest_route=\/wp\/v2\/types\/post"}],"author":[{"embeddable":true,"href":"https:\/\/eskigazeteci.com\/index.php?rest_route=\/wp\/v2\/users\/2"}],"replies":[{"embeddable":true,"href":"https:\/\/eskigazeteci.com\/index.php?rest_route=%2Fwp%2Fv2%2Fcomments&post=1417"}],"version-history":[{"count":0,"href":"https:\/\/eskigazeteci.com\/index.php?rest_route=\/wp\/v2\/posts\/1417\/revisions"}],"wp:featuredmedia":[{"embeddable":true,"href":"https:\/\/eskigazeteci.com\/index.php?rest_route=\/wp\/v2\/media\/1416"}],"wp:attachment":[{"href":"https:\/\/eskigazeteci.com\/index.php?rest_route=%2Fwp%2Fv2%2Fmedia&parent=1417"}],"wp:term":[{"taxonomy":"category","embeddable":true,"href":"https:\/\/eskigazeteci.com\/index.php?rest_route=%2Fwp%2Fv2%2Fcategories&post=1417"},{"taxonomy":"post_tag","embeddable":true,"href":"https:\/\/eskigazeteci.com\/index.php?rest_route=%2Fwp%2Fv2%2Ftags&post=1417"}],"curies":[{"name":"wp","href":"https:\/\/api.w.org\/{rel}","templated":true}]}}