{"id":14167,"date":"2026-03-21T04:26:47","date_gmt":"2026-03-21T04:26:47","guid":{"rendered":"https:\/\/eskigazeteci.com\/?p=14167"},"modified":"2026-03-21T04:26:47","modified_gmt":"2026-03-21T04:26:47","slug":"463-8-milyon-tllik-islenmis-et-yatirimi","status":"publish","type":"post","link":"https:\/\/eskigazeteci.com\/?p=14167","title":{"rendered":"463.8 milyon TL\u2019lik i\u015flenmi\u015f et yat\u0131r\u0131m\u0131"},"content":{"rendered":"<p>PINAR Et, 2025 y\u0131l\u0131na ili\u015fkin faaliyet raporunu a\u00e7\u0131klad\u0131. P\u0131nar Et Genel M\u00fcd\u00fcr\u00fc H\u00fcseyin Demir, 2025 y\u0131l\u0131nda 35 bin 883 tonluk sat\u0131\u015f hacmine ula\u015ft\u0131klar\u0131n\u0131,&#8230;<\/p>\n","protected":false},"excerpt":{"rendered":"<p>PINAR Et, 2025 y\u0131l\u0131na ili\u015fkin faaliyet raporunu a\u00e7\u0131klad\u0131. P\u0131nar Et Genel M\u00fcd\u00fcr\u00fc H\u00fcseyin Demir, 2025 y\u0131l\u0131nda 35 bin 883 tonluk sat\u0131\u015f hacmine ula\u015ft\u0131klar\u0131n\u0131,&#8230;<\/p>\n","protected":false},"author":2,"featured_media":14166,"comment_status":"open","ping_status":"open","sticky":false,"template":"","format":"standard","meta":{"footnotes":""},"categories":[8,6,5],"tags":[],"class_list":["post-14167","post","type-post","status-publish","format-standard","has-post-thumbnail","hentry","category-arsiv","category-gundem","category-son-dakika"],"_links":{"self":[{"href":"https:\/\/eskigazeteci.com\/index.php?rest_route=\/wp\/v2\/posts\/14167","targetHints":{"allow":["GET"]}}],"collection":[{"href":"https:\/\/eskigazeteci.com\/index.php?rest_route=\/wp\/v2\/posts"}],"about":[{"href":"https:\/\/eskigazeteci.com\/index.php?rest_route=\/wp\/v2\/types\/post"}],"author":[{"embeddable":true,"href":"https:\/\/eskigazeteci.com\/index.php?rest_route=\/wp\/v2\/users\/2"}],"replies":[{"embeddable":true,"href":"https:\/\/eskigazeteci.com\/index.php?rest_route=%2Fwp%2Fv2%2Fcomments&post=14167"}],"version-history":[{"count":0,"href":"https:\/\/eskigazeteci.com\/index.php?rest_route=\/wp\/v2\/posts\/14167\/revisions"}],"wp:featuredmedia":[{"embeddable":true,"href":"https:\/\/eskigazeteci.com\/index.php?rest_route=\/wp\/v2\/media\/14166"}],"wp:attachment":[{"href":"https:\/\/eskigazeteci.com\/index.php?rest_route=%2Fwp%2Fv2%2Fmedia&parent=14167"}],"wp:term":[{"taxonomy":"category","embeddable":true,"href":"https:\/\/eskigazeteci.com\/index.php?rest_route=%2Fwp%2Fv2%2Fcategories&post=14167"},{"taxonomy":"post_tag","embeddable":true,"href":"https:\/\/eskigazeteci.com\/index.php?rest_route=%2Fwp%2Fv2%2Ftags&post=14167"}],"curies":[{"name":"wp","href":"https:\/\/api.w.org\/{rel}","templated":true}]}}