{"id":14165,"date":"2026-03-21T04:25:26","date_gmt":"2026-03-21T04:25:26","guid":{"rendered":"https:\/\/eskigazeteci.com\/?p=14165"},"modified":"2026-03-21T04:25:26","modified_gmt":"2026-03-21T04:25:26","slug":"kuresel-ticaret-krizi-bekleniyor","status":"publish","type":"post","link":"https:\/\/eskigazeteci.com\/?p=14165","title":{"rendered":"K\u00fcresel Ticaret Krizi Bekleniyor"},"content":{"rendered":"<p>ABD Ba\u015fkan\u0131 Trump, g\u00fcmr\u00fck tarifelerinden dolay\u0131 k\u00fcresel ticaret, Ortado\u011fu \u00e7at\u0131\u015fmalar\u0131 nedeniyle yeni bir krizin e\u015fi\u011finde. D\u00fcnya Ticaret \u00d6rg\u00fct\u00fc&#x27;n\u00fcn \u00f6nceki g\u00fcn yapt\u0131\u011f\u0131 g\u00fcncelleme de olas\u0131 krizin detaylar\u0131na i\u015faret etti. &#x27;\u00d6l\u00e7\u00fcm ve \u0130stikrar Raporu&#x27;nda, &#x27;enerji fiyatlar\u0131ndaki y\u00fckseli\u015fin kal\u0131c\u0131 olmas\u0131 halinde k\u00fcresel ticaretin beklenenden \u00e7ok daha sert bir darbe alabilece\u011fi&#x27; uyar\u0131s\u0131 dikkat \u00e7ekti. Seyahat ve ta\u015f\u0131mac\u0131l\u0131k sekt\u00f6rlerindeki aksamalar\u0131n ticaret hacmini daraltabilece\u011fi tahmin edildi.<\/p>\n","protected":false},"excerpt":{"rendered":"<p>Tarifeleri \u0130ran Sava\u015f\u0131 Nedeniyle Zordur<\/p>\n","protected":false},"author":2,"featured_media":14164,"comment_status":"open","ping_status":"open","sticky":false,"template":"","format":"standard","meta":{"footnotes":""},"categories":[8,6,5],"tags":[],"class_list":["post-14165","post","type-post","status-publish","format-standard","has-post-thumbnail","hentry","category-arsiv","category-gundem","category-son-dakika"],"_links":{"self":[{"href":"https:\/\/eskigazeteci.com\/index.php?rest_route=\/wp\/v2\/posts\/14165","targetHints":{"allow":["GET"]}}],"collection":[{"href":"https:\/\/eskigazeteci.com\/index.php?rest_route=\/wp\/v2\/posts"}],"about":[{"href":"https:\/\/eskigazeteci.com\/index.php?rest_route=\/wp\/v2\/types\/post"}],"author":[{"embeddable":true,"href":"https:\/\/eskigazeteci.com\/index.php?rest_route=\/wp\/v2\/users\/2"}],"replies":[{"embeddable":true,"href":"https:\/\/eskigazeteci.com\/index.php?rest_route=%2Fwp%2Fv2%2Fcomments&post=14165"}],"version-history":[{"count":0,"href":"https:\/\/eskigazeteci.com\/index.php?rest_route=\/wp\/v2\/posts\/14165\/revisions"}],"wp:featuredmedia":[{"embeddable":true,"href":"https:\/\/eskigazeteci.com\/index.php?rest_route=\/wp\/v2\/media\/14164"}],"wp:attachment":[{"href":"https:\/\/eskigazeteci.com\/index.php?rest_route=%2Fwp%2Fv2%2Fmedia&parent=14165"}],"wp:term":[{"taxonomy":"category","embeddable":true,"href":"https:\/\/eskigazeteci.com\/index.php?rest_route=%2Fwp%2Fv2%2Fcategories&post=14165"},{"taxonomy":"post_tag","embeddable":true,"href":"https:\/\/eskigazeteci.com\/index.php?rest_route=%2Fwp%2Fv2%2Ftags&post=14165"}],"curies":[{"name":"wp","href":"https:\/\/api.w.org\/{rel}","templated":true}]}}