{"id":14161,"date":"2026-03-21T04:22:37","date_gmt":"2026-03-21T04:22:37","guid":{"rendered":"https:\/\/eskigazeteci.com\/?p=14161"},"modified":"2026-03-21T04:22:37","modified_gmt":"2026-03-21T04:22:37","slug":"avrupada-bugunu-kaybettik-gelecegi-kazandik","status":"publish","type":"post","link":"https:\/\/eskigazeteci.com\/?p=14161","title":{"rendered":"Avrupa&#8217;da bug\u00fcn\u00fc kaybettik, gelece\u011fi kazand\u0131k!"},"content":{"rendered":"<p>UEFA\u2019n\u0131n 3 b\u00fcy\u00fck organizasyonu \u015eampiyonlar Ligi, Avrupa Ligi ve Konferans Ligi\u2019nde son 16 turu ma\u00e7lar\u0131 biterken \u00fclke puan\u0131 ise g\u00fcncellendi. Devler Ligi\u2019nde m\u00fccadele eden temsilcimiz Galatasaray ile Konferans Ligi\u2019nde T\u00fcrkiye\u2019yi temsil eden Samsunspor\u2019un son 16 kar\u015f\u0131la\u015fmalar\u0131 sonras\u0131 \u00fclke puan\u0131ndaki en yak\u0131n rakibimiz olan \u00c7ekya ad\u0131na m\u00fccadele eden Sigma Olomouc ve Sparta Prag da Avrupa\u2019ya veda etti. B\u00f6ylelikle T\u00fcrkiye\u2019nin yerini yak\u0131ndan tehdit eden \u00c7ekya bu sezon da UEFA \u00dclke Puan\u0131 s\u0131ralamas\u0131nda gerimizde kald\u0131.<\/p>\n<p>DEVLER L\u0130G\u0130&#x27;NDE 2 TAKIMIMIZ OLAB\u0130L\u0130R<\/p>\n<p>Bu sonu\u00e7la birlikte T\u00fcrkiye\u2019den 2027-28 sezonunda; lig \u015fampiyonu do\u011frudan \u015eampiyonlar Ligi\u2019ne kat\u0131l\u0131m g\u00f6sterecek. Lig ikincisi ise iki \u00f6n eleme oynayarak \u015eampiyonlar Ligi\u2019ne kat\u0131lmaya \u00e7al\u0131\u015facak. Turlar\u0131n tamam\u0131n\u0131 kaybetse bile garanti olarak Avrupa Ligi lig a\u015famas\u0131nda yer alacak. Ziraat T\u00fcrkiye Kupas\u0131\u2019nda \u015fampiyonluk kazanan ekip (ya da lig \u00fc\u00e7\u00fcnc\u00fcs\u00fc) UEFA Avrupa Ligi\u2019ne play-off turundan kat\u0131lacak. En k\u00f6t\u00fc ihtimalle Konferans Ligi lig a\u015famas\u0131nda yer alabilecek.<\/p>\n<p>L\u0130G 4.&#x27;S\u00dc VE 5.&#x27;S\u0130N\u0130N DE \u015eANSI VAR<\/p>\n<p>S\u00fcper Lig\u2019i d\u00f6rd\u00fcnc\u00fc basamakta tamamlayacak olan kul\u00fcp UEFA Avrupa Ligi 2. eleme turundan elemelere ba\u015flayacak. S\u00f6z konusu temsilcimiz 3&#8230;<\/p>\n","protected":false},"excerpt":{"rendered":"<p>5 tak\u0131mla ba\u015flad\u0131\u011f\u0131m\u0131z Avrupa maceras\u0131 son 16&#8217;da sona ererken yeni sezon \u00f6ncesi tablo netle\u015fti.<\/p>\n","protected":false},"author":2,"featured_media":14160,"comment_status":"open","ping_status":"open","sticky":false,"template":"","format":"standard","meta":{"footnotes":""},"categories":[8,5,7],"tags":[],"class_list":["post-14161","post","type-post","status-publish","format-standard","has-post-thumbnail","hentry","category-arsiv","category-son-dakika","category-spor"],"_links":{"self":[{"href":"https:\/\/eskigazeteci.com\/index.php?rest_route=\/wp\/v2\/posts\/14161","targetHints":{"allow":["GET"]}}],"collection":[{"href":"https:\/\/eskigazeteci.com\/index.php?rest_route=\/wp\/v2\/posts"}],"about":[{"href":"https:\/\/eskigazeteci.com\/index.php?rest_route=\/wp\/v2\/types\/post"}],"author":[{"embeddable":true,"href":"https:\/\/eskigazeteci.com\/index.php?rest_route=\/wp\/v2\/users\/2"}],"replies":[{"embeddable":true,"href":"https:\/\/eskigazeteci.com\/index.php?rest_route=%2Fwp%2Fv2%2Fcomments&post=14161"}],"version-history":[{"count":0,"href":"https:\/\/eskigazeteci.com\/index.php?rest_route=\/wp\/v2\/posts\/14161\/revisions"}],"wp:featuredmedia":[{"embeddable":true,"href":"https:\/\/eskigazeteci.com\/index.php?rest_route=\/wp\/v2\/media\/14160"}],"wp:attachment":[{"href":"https:\/\/eskigazeteci.com\/index.php?rest_route=%2Fwp%2Fv2%2Fmedia&parent=14161"}],"wp:term":[{"taxonomy":"category","embeddable":true,"href":"https:\/\/eskigazeteci.com\/index.php?rest_route=%2Fwp%2Fv2%2Fcategories&post=14161"},{"taxonomy":"post_tag","embeddable":true,"href":"https:\/\/eskigazeteci.com\/index.php?rest_route=%2Fwp%2Fv2%2Ftags&post=14161"}],"curies":[{"name":"wp","href":"https:\/\/api.w.org\/{rel}","templated":true}]}}