{"id":14159,"date":"2026-03-21T04:21:03","date_gmt":"2026-03-21T04:21:03","guid":{"rendered":"https:\/\/eskigazeteci.com\/?p=14159"},"modified":"2026-03-21T04:21:03","modified_gmt":"2026-03-21T04:21:03","slug":"dursun-ozbek-hedef-26-sampiyonluk-ile-20-turkiye-kupasi","status":"publish","type":"post","link":"https:\/\/eskigazeteci.com\/?p=14159","title":{"rendered":"Dursun \u00d6zbek: &#8216;Hedef 26. \u015fampiyonluk ile 20. T\u00fcrkiye Kupas\u0131&#8217;"},"content":{"rendered":"<p>Galatasaray Ba\u015fkan\u0131 Dursun \u00d6zbek , Ramazan Bayram\u0131 dolay\u0131s\u0131yla yay\u0131mlad\u0131\u011f\u0131 kutlama mesaj\u0131nda, kul\u00fcp olarak, sporun birle\u015ftirici g\u00fcc\u00fcyle umut ve dayan\u0131\u015fmay\u0131 b\u00fcy\u00fctmeye devam edeceklerini s\u00f6yledi.<\/p>\n<p>\u00d6zbek tak\u0131m\u0131n, kul\u00fcb\u00fcn kurucusu Ali Sami Yen\u2019in koydu\u011fu \u2018T\u00fcrk olmayan tak\u0131mlar\u0131 yenme\u2019 hedefini \u00f6n\u00fcm\u00fczdeki sezon \u00e7ok daha ileriye ta\u015f\u0131yacaklar\u0131na inan\u0131yorum. Bu sezona dair hedefimiz nettir: 26. \u015fampiyonluk ve 20. T\u00fcrkiye Kupas\u0131\u201d dedi.<\/p>\n<p>T\u00fcrkiye&#x27;den ve D\u00fcnya\u2019dan son dakika haberleri, k\u00f6\u015fe yaz\u0131lar\u0131, magazinden siyasete, spordan seyahate b\u00fct\u00fcn konular\u0131n tek adresi Hurriyet.com.tr haber i\u00e7erikleri izin al\u0131nmadan, kaynak g\u00f6sterilerek dahi iktibas edilemez. Kanuna ayk\u0131r\u0131 ve izinsiz olarak kopyalanamaz, ba\u015fka yerde yay\u0131nlanamaz.<\/p>\n","protected":false},"excerpt":{"rendered":"<p>Galatasaray Ba\u015fkan\u0131 Dursun \u00d6zbek, yay\u0131nlad\u0131\u011f\u0131 bayram mesaj\u0131nda hedeflerini yineledi.<\/p>\n","protected":false},"author":2,"featured_media":14158,"comment_status":"open","ping_status":"open","sticky":false,"template":"","format":"standard","meta":{"footnotes":""},"categories":[8,5,7],"tags":[],"class_list":["post-14159","post","type-post","status-publish","format-standard","has-post-thumbnail","hentry","category-arsiv","category-son-dakika","category-spor"],"_links":{"self":[{"href":"https:\/\/eskigazeteci.com\/index.php?rest_route=\/wp\/v2\/posts\/14159","targetHints":{"allow":["GET"]}}],"collection":[{"href":"https:\/\/eskigazeteci.com\/index.php?rest_route=\/wp\/v2\/posts"}],"about":[{"href":"https:\/\/eskigazeteci.com\/index.php?rest_route=\/wp\/v2\/types\/post"}],"author":[{"embeddable":true,"href":"https:\/\/eskigazeteci.com\/index.php?rest_route=\/wp\/v2\/users\/2"}],"replies":[{"embeddable":true,"href":"https:\/\/eskigazeteci.com\/index.php?rest_route=%2Fwp%2Fv2%2Fcomments&post=14159"}],"version-history":[{"count":0,"href":"https:\/\/eskigazeteci.com\/index.php?rest_route=\/wp\/v2\/posts\/14159\/revisions"}],"wp:featuredmedia":[{"embeddable":true,"href":"https:\/\/eskigazeteci.com\/index.php?rest_route=\/wp\/v2\/media\/14158"}],"wp:attachment":[{"href":"https:\/\/eskigazeteci.com\/index.php?rest_route=%2Fwp%2Fv2%2Fmedia&parent=14159"}],"wp:term":[{"taxonomy":"category","embeddable":true,"href":"https:\/\/eskigazeteci.com\/index.php?rest_route=%2Fwp%2Fv2%2Fcategories&post=14159"},{"taxonomy":"post_tag","embeddable":true,"href":"https:\/\/eskigazeteci.com\/index.php?rest_route=%2Fwp%2Fv2%2Ftags&post=14159"}],"curies":[{"name":"wp","href":"https:\/\/api.w.org\/{rel}","templated":true}]}}