{"id":14157,"date":"2026-03-21T04:19:29","date_gmt":"2026-03-21T04:19:29","guid":{"rendered":"https:\/\/eskigazeteci.com\/?p=14157"},"modified":"2026-03-21T04:19:29","modified_gmt":"2026-03-21T04:19:29","slug":"fatih-terim-montellaya-hak-ettigi-destegi-vermelyiiz","status":"publish","type":"post","link":"https:\/\/eskigazeteci.com\/?p=14157","title":{"rendered":"Fatih Terim: &#8216;Montella&#8217;ya hak etti\u011fi deste\u011fi vermelyiiz&#8217;"},"content":{"rendered":"<p>Teknik direkt\u00f6r Fatih Terim, 2026 D\u00fcnya Kupas\u0131 Avrupa elemeleri playoff turu yar\u0131 finalinde 26 Mart Per\u015fembe g\u00fcn\u00fc oynanacak T\u00fcrkiye-Romanya ma\u00e7\u0131 \u00f6ncesi ay y\u0131ld\u0131zl\u0131 ekibimizin tur \u015fans\u0131n\u0131 de\u011ferlendirdi. Romanya medyas\u0131ndan Prima Sport\u2019a r\u00f6portaj veren Terim, her iki tak\u0131m\u0131n ba\u015f\u0131nda \u00e7ok de\u011ferli ve tecr\u00fcbeli teknik direkt\u00f6rler bulundu\u011funu ifade ederek, \u201cKesinlikle k\u00e2\u011f\u0131t \u00fczerinde ma\u00e7 \u00f6ncesi T\u00fcrkiye favori ancak 90 dakikal\u0131k bir ma\u00e7ta ya da uzatmalarda ne olaca\u011f\u0131n\u0131 bilemeyiz. Bu y\u00fczden ma\u00e7\u0131n her saniyesinde konsantre olmal\u0131 ve konsantrasyonumuzu kaybetmeden hareket etmeliyiz. Ak\u0131ll\u0131 ve temkinli olmal\u0131y\u0131z\u201d dedi.<\/p>\n<p>LUCESCU B\u0130R ROMANYA EFSANES\u0130<\/p>\n<p>Romanya Milli Tak\u0131m\u0131 Teknik Direkt\u00f6r\u00fc Mircea Lucescu\u2019nun sayg\u0131y\u0131 hak eden bir \u2018efsane\u2019 oldu\u011funu vurgulayan Terim, \u201cLucescu \u00f6nemli bir teknik direkt\u00f6r. B\u00fcy\u00fck bir isim ve kariyerine sayg\u0131 duymaktan ba\u015fka bir \u015fey yapamay\u0131z \u00e7\u00fcnk\u00fc uzun y\u0131llard\u0131r, neredeyse hi\u00e7 ara vermeden, d\u00fcnyan\u0131n d\u00f6rt bir yan\u0131nda teknik direkt\u00f6rl\u00fck yapt\u0131. Bu hi\u00e7 kolay bir \u015fey de\u011fil. Futbolu sevmiyorsan\u0131z, bu kadar uzun y\u0131llar kesintisiz \u00e7al\u0131\u015fman\u0131z m\u00fcmk\u00fcn de\u011fil. Bu y\u00fczden Lucescu sayg\u0131y\u0131 hak ediyor. Lucescu, 60-65 y\u0131ld\u0131r futbolla u\u011fra\u015f\u0131yor ve bu s\u00fcrenin \u00e7o\u011funu en \u00fcst d\u00fczey&#8230;<\/p>\n","protected":false},"excerpt":{"rendered":"<p>Romanya\u2019n\u0131n hocas\u0131 Mircea Lucescu\u2019nun bir \u2018efsane\u2019 oldu\u011funu belirten Terim, \u201cLucescu \u00e7ok b\u00fcy\u00fck bir teknik direkt\u00f6r ancak Vincenzo Montella da uzun s\u00fcredir&#8230;<\/p>\n","protected":false},"author":2,"featured_media":14156,"comment_status":"open","ping_status":"open","sticky":false,"template":"","format":"standard","meta":{"footnotes":""},"categories":[8,5,7],"tags":[],"class_list":["post-14157","post","type-post","status-publish","format-standard","has-post-thumbnail","hentry","category-arsiv","category-son-dakika","category-spor"],"_links":{"self":[{"href":"https:\/\/eskigazeteci.com\/index.php?rest_route=\/wp\/v2\/posts\/14157","targetHints":{"allow":["GET"]}}],"collection":[{"href":"https:\/\/eskigazeteci.com\/index.php?rest_route=\/wp\/v2\/posts"}],"about":[{"href":"https:\/\/eskigazeteci.com\/index.php?rest_route=\/wp\/v2\/types\/post"}],"author":[{"embeddable":true,"href":"https:\/\/eskigazeteci.com\/index.php?rest_route=\/wp\/v2\/users\/2"}],"replies":[{"embeddable":true,"href":"https:\/\/eskigazeteci.com\/index.php?rest_route=%2Fwp%2Fv2%2Fcomments&post=14157"}],"version-history":[{"count":0,"href":"https:\/\/eskigazeteci.com\/index.php?rest_route=\/wp\/v2\/posts\/14157\/revisions"}],"wp:featuredmedia":[{"embeddable":true,"href":"https:\/\/eskigazeteci.com\/index.php?rest_route=\/wp\/v2\/media\/14156"}],"wp:attachment":[{"href":"https:\/\/eskigazeteci.com\/index.php?rest_route=%2Fwp%2Fv2%2Fmedia&parent=14157"}],"wp:term":[{"taxonomy":"category","embeddable":true,"href":"https:\/\/eskigazeteci.com\/index.php?rest_route=%2Fwp%2Fv2%2Fcategories&post=14157"},{"taxonomy":"post_tag","embeddable":true,"href":"https:\/\/eskigazeteci.com\/index.php?rest_route=%2Fwp%2Fv2%2Ftags&post=14157"}],"curies":[{"name":"wp","href":"https:\/\/api.w.org\/{rel}","templated":true}]}}