{"id":14155,"date":"2026-03-21T04:17:56","date_gmt":"2026-03-21T04:17:56","guid":{"rendered":"https:\/\/eskigazeteci.com\/?p=14155"},"modified":"2026-03-21T04:17:56","modified_gmt":"2026-03-21T04:17:56","slug":"fenerbahcede-skriniar-seferberligi","status":"publish","type":"post","link":"https:\/\/eskigazeteci.com\/?p=14155","title":{"rendered":"Fenerbah\u00e7e&#8217;de Skriniar seferberli\u011fi!"},"content":{"rendered":"<p>Fenerbah\u00e7e Kul\u00fcb\u00fc, sakatl\u0131ktan yeni \u00e7\u0131km\u0131\u015f olmas\u0131na ra\u011fmen Slovakya Milli Tak\u0131m\u0131 kadrosuna davet edilen Milan Skriniar\u2019\u0131n sa\u011fl\u0131k durumunu riske etmemek i\u00e7in \u00f6zel tedbirler ald\u0131.<\/p>\n<p>Buna g\u00f6re sar\u0131 lacivertlilerin belirledi\u011fi bir fizyoterapist Skriniar\u2019la birlikte Slovakya\u2019ya gitti.<\/p>\n<p>Fizyoterapist, futbolcunun fiziksel durumunu iyi g\u00f6rd\u00fc\u011f\u00fc takdirde milli ma\u00e7ta oynamas\u0131na izin verecek. Fizyoterapist onay vermezse Milan Skriniar Kosova kar\u015f\u0131s\u0131nda forma giymeyecek. 2026 D\u00fcnya Kupas\u0131 Avrupa elemeleri play-off yar\u0131 finalinde 26 Mart Per\u015fembe g\u00fcn\u00fc oynanacak Slovakya -Kosova ma\u00e7\u0131n\u0131 kazanan tak\u0131m, T\u00fcrkiye-Romanya e\u015fle\u015fmesinin galibiyle play-off finalinde kar\u015f\u0131 kar\u015f\u0131ya gelecek.<\/p>\n<p>ASENSIO&#x27;YA K\u00d6T\u00dc HABER<\/p>\n<p>\u00d6te yandan Fenerbah\u00e7e\u2019de bu sezonun en ba\u015far\u0131l\u0131 futbolcusu olan Marco Asensio, \u0130spanya Milli Tak\u0131m\u0131\u2019n\u0131n S\u0131rbistan ve M\u0131s\u0131r ile oynayaca\u011f\u0131 ma\u00e7lar\u0131n aday kadrosuna \u00e7a\u011fr\u0131lmad\u0131.<\/p>\n<p>T\u00fcrkiye&#x27;den ve D\u00fcnya\u2019dan son dakika haberleri, k\u00f6\u015fe yaz\u0131lar\u0131, magazinden siyasete, spordan seyahate b\u00fct\u00fcn konular\u0131n tek adresi Hurriyet.com.tr haber i\u00e7erikleri izin al\u0131nmadan, kaynak g\u00f6sterilerek dahi iktibas edilemez. Kanuna ayk\u0131r\u0131 ve izinsiz olarak kopyalanamaz, ba\u015fka yerde yay\u0131nlanamaz.<\/p>\n","protected":false},"excerpt":{"rendered":"<p>Slovakya Milli Tak\u0131m\u0131&#8217;na \u00e7a\u011fr\u0131lan Fenerbah\u00e7e&#8217;nin savunma oyuncusu Milan Skriniar i\u00e7in s\u0131rad\u0131\u015f\u0131 bir uygulamaya gidildi.<\/p>\n","protected":false},"author":2,"featured_media":14154,"comment_status":"open","ping_status":"open","sticky":false,"template":"","format":"standard","meta":{"footnotes":""},"categories":[8,5,7],"tags":[],"class_list":["post-14155","post","type-post","status-publish","format-standard","has-post-thumbnail","hentry","category-arsiv","category-son-dakika","category-spor"],"_links":{"self":[{"href":"https:\/\/eskigazeteci.com\/index.php?rest_route=\/wp\/v2\/posts\/14155","targetHints":{"allow":["GET"]}}],"collection":[{"href":"https:\/\/eskigazeteci.com\/index.php?rest_route=\/wp\/v2\/posts"}],"about":[{"href":"https:\/\/eskigazeteci.com\/index.php?rest_route=\/wp\/v2\/types\/post"}],"author":[{"embeddable":true,"href":"https:\/\/eskigazeteci.com\/index.php?rest_route=\/wp\/v2\/users\/2"}],"replies":[{"embeddable":true,"href":"https:\/\/eskigazeteci.com\/index.php?rest_route=%2Fwp%2Fv2%2Fcomments&post=14155"}],"version-history":[{"count":0,"href":"https:\/\/eskigazeteci.com\/index.php?rest_route=\/wp\/v2\/posts\/14155\/revisions"}],"wp:featuredmedia":[{"embeddable":true,"href":"https:\/\/eskigazeteci.com\/index.php?rest_route=\/wp\/v2\/media\/14154"}],"wp:attachment":[{"href":"https:\/\/eskigazeteci.com\/index.php?rest_route=%2Fwp%2Fv2%2Fmedia&parent=14155"}],"wp:term":[{"taxonomy":"category","embeddable":true,"href":"https:\/\/eskigazeteci.com\/index.php?rest_route=%2Fwp%2Fv2%2Fcategories&post=14155"},{"taxonomy":"post_tag","embeddable":true,"href":"https:\/\/eskigazeteci.com\/index.php?rest_route=%2Fwp%2Fv2%2Ftags&post=14155"}],"curies":[{"name":"wp","href":"https:\/\/api.w.org\/{rel}","templated":true}]}}