{"id":14153,"date":"2026-03-21T04:16:23","date_gmt":"2026-03-21T04:16:23","guid":{"rendered":"https:\/\/eskigazeteci.com\/?p=14153"},"modified":"2026-03-21T04:16:23","modified_gmt":"2026-03-21T04:16:23","slug":"sergen-yalcindan-oyuncularina-uyari-besiktas-asla-geri-cekilmez","status":"publish","type":"post","link":"https:\/\/eskigazeteci.com\/?p=14153","title":{"rendered":"Sergen Yal\u00e7\u0131n&#8217;dan oyuncular\u0131na uyar\u0131: &#8216;Be\u015fikta\u015f asla geri \u00e7ekilmez&#8217;"},"content":{"rendered":"<p>Be\u015fikta\u015f Teknik Direkt\u00f6r\u00fc Sergen Yal\u00e7\u0131n , Kas\u0131mpa\u015fa ma\u00e7\u0131 sonras\u0131nda futbolcular\u0131n\u0131 tebrik ederken uyar\u0131larda da bulundu.<\/p>\n<p>Galatasaray derbisindeki yenilgiden sonra tak\u0131m\u0131n g\u00f6sterdi\u011fi reaksiyondan duydu\u011fu memnuniyeti dile getiren Yal\u00e7\u0131n \u201cKas\u0131mpa\u015fa ma\u00e7\u0131nda \u00e7ok iyi bir ilk yar\u0131 oynad\u0131k. Ancak ikinci yar\u0131da geriye \u00e7ekilince rakibin penalt\u0131dan gol\u00fc geldi. Birtak\u0131m eksikliklerimiz var. Bunlar\u0131 hep beraber telafi edece\u011fiz. Yard\u0131mla\u015fmam\u0131z m\u00fckemmel. Herkes sorumluluk almal\u0131 ve m\u00fccadele etmeli. \u00d6n\u00fcm\u00fczde Fenerbah\u00e7e derbisi var. Bu kar\u015f\u0131la\u015fmada farkl\u0131 oynayaca\u011f\u0131z\u201d dedi.<\/p>\n<p>ALKI\u015eLAR ORKUN K\u00d6K\u00c7\u00dc&#x27;YE<\/p>\n<p>Siyah-beyazl\u0131 tak\u0131m\u0131n teknik direkt\u00f6r\u00fc oyuncular\u0131n geli\u015fiminden duydu\u011fu memnuniyeti dile getirirken Ramazan ay\u0131 boyunca oru\u00e7 tutan Orkun K\u00f6k\u00e7\u00fc\u2019yle ilgili de \u201c30 g\u00fcnd\u00fcr oru\u00e7 tutan birine g\u00f6re fizik durumu \u00e7ok iyi. Tak\u0131mla birlikte onun da performans\u0131 y\u00fckseldi. \u00dcst\u00fcne koya koya devam edecek. Geldi\u011fi g\u00fcnden bug\u00fcne T\u00fcrk futbolunun mant\u0131\u011f\u0131na daha hakim bir oyuncuya d\u00f6n\u00fc\u015ft\u00fc. Bu kendi oyununun geli\u015fmesinde \u00e7ok faydal\u0131 oldu. 6 numaradan daha \u00f6ne kaymas\u0131yla birlikte skor katk\u0131s\u0131 da art\u0131. T\u00fcrk futbolunun nas\u0131l oldu\u011funu daha iyi anlad\u0131.<\/p>\n<p>T\u00fcrkiye&#x27;den ve D\u00fcnya\u2019dan son dakika haberleri, k\u00f6\u015fe yaz\u0131lar\u0131, magazinden&#8230;<\/p>\n","protected":false},"excerpt":{"rendered":"<p>\u0130lk yar\u0131da sergiledikleri etkili oyun sayesinde 2 gol bulduklar\u0131n\u0131 ancak 2. devrede geriye yaslanman\u0131n rakibi daha da cesaretlendirdi\u011fini belirten Yal\u00e7\u0131n bu&#8230;<\/p>\n","protected":false},"author":2,"featured_media":14152,"comment_status":"open","ping_status":"open","sticky":false,"template":"","format":"standard","meta":{"footnotes":""},"categories":[8,5,7],"tags":[],"class_list":["post-14153","post","type-post","status-publish","format-standard","has-post-thumbnail","hentry","category-arsiv","category-son-dakika","category-spor"],"_links":{"self":[{"href":"https:\/\/eskigazeteci.com\/index.php?rest_route=\/wp\/v2\/posts\/14153","targetHints":{"allow":["GET"]}}],"collection":[{"href":"https:\/\/eskigazeteci.com\/index.php?rest_route=\/wp\/v2\/posts"}],"about":[{"href":"https:\/\/eskigazeteci.com\/index.php?rest_route=\/wp\/v2\/types\/post"}],"author":[{"embeddable":true,"href":"https:\/\/eskigazeteci.com\/index.php?rest_route=\/wp\/v2\/users\/2"}],"replies":[{"embeddable":true,"href":"https:\/\/eskigazeteci.com\/index.php?rest_route=%2Fwp%2Fv2%2Fcomments&post=14153"}],"version-history":[{"count":0,"href":"https:\/\/eskigazeteci.com\/index.php?rest_route=\/wp\/v2\/posts\/14153\/revisions"}],"wp:featuredmedia":[{"embeddable":true,"href":"https:\/\/eskigazeteci.com\/index.php?rest_route=\/wp\/v2\/media\/14152"}],"wp:attachment":[{"href":"https:\/\/eskigazeteci.com\/index.php?rest_route=%2Fwp%2Fv2%2Fmedia&parent=14153"}],"wp:term":[{"taxonomy":"category","embeddable":true,"href":"https:\/\/eskigazeteci.com\/index.php?rest_route=%2Fwp%2Fv2%2Fcategories&post=14153"},{"taxonomy":"post_tag","embeddable":true,"href":"https:\/\/eskigazeteci.com\/index.php?rest_route=%2Fwp%2Fv2%2Ftags&post=14153"}],"curies":[{"name":"wp","href":"https:\/\/api.w.org\/{rel}","templated":true}]}}