{"id":14151,"date":"2026-03-21T04:14:51","date_gmt":"2026-03-21T04:14:51","guid":{"rendered":"https:\/\/eskigazeteci.com\/?p=14151"},"modified":"2026-03-21T04:14:51","modified_gmt":"2026-03-21T04:14:51","slug":"fenerbahce-ile-frede-brezilyadan-talip-iddia","status":"publish","type":"post","link":"https:\/\/eskigazeteci.com\/?p=14151","title":{"rendered":"Fenerbah\u00e7e ile Fred&#8217;e Brezilya&#8217;dan Talip Iddia"},"content":{"rendered":"<p>2027&#x27;ye sona eren Fenerbah\u00e7e ile Fred&#x27;s s\u00f6zle\u015fme, Atletico Mineiro&#x27;nun Brezilyal\u0131 y\u0131ld\u0131z\u0131 taraf\u0131ndan talip oldu\u011fu iddia edildi. Paulo Brack, &#x27;Fred ile g\u00f6r\u00fc\u015fmelerimiz oldu. Kul\u00fcb\u00fcm\u00fcz\u00fcn en b\u00fcy\u00fck hayallerinden biri onu yeniden burada g\u00f6rmek&#x27; diye konu\u015ftu.<\/p>\n","protected":false},"excerpt":{"rendered":"<p>Atletico Mineiro&#8217;nun devrede oldu\u011fu iddia edildi.<\/p>\n","protected":false},"author":2,"featured_media":14150,"comment_status":"open","ping_status":"open","sticky":false,"template":"","format":"standard","meta":{"footnotes":""},"categories":[8,5,7],"tags":[],"class_list":["post-14151","post","type-post","status-publish","format-standard","has-post-thumbnail","hentry","category-arsiv","category-son-dakika","category-spor"],"_links":{"self":[{"href":"https:\/\/eskigazeteci.com\/index.php?rest_route=\/wp\/v2\/posts\/14151","targetHints":{"allow":["GET"]}}],"collection":[{"href":"https:\/\/eskigazeteci.com\/index.php?rest_route=\/wp\/v2\/posts"}],"about":[{"href":"https:\/\/eskigazeteci.com\/index.php?rest_route=\/wp\/v2\/types\/post"}],"author":[{"embeddable":true,"href":"https:\/\/eskigazeteci.com\/index.php?rest_route=\/wp\/v2\/users\/2"}],"replies":[{"embeddable":true,"href":"https:\/\/eskigazeteci.com\/index.php?rest_route=%2Fwp%2Fv2%2Fcomments&post=14151"}],"version-history":[{"count":0,"href":"https:\/\/eskigazeteci.com\/index.php?rest_route=\/wp\/v2\/posts\/14151\/revisions"}],"wp:featuredmedia":[{"embeddable":true,"href":"https:\/\/eskigazeteci.com\/index.php?rest_route=\/wp\/v2\/media\/14150"}],"wp:attachment":[{"href":"https:\/\/eskigazeteci.com\/index.php?rest_route=%2Fwp%2Fv2%2Fmedia&parent=14151"}],"wp:term":[{"taxonomy":"category","embeddable":true,"href":"https:\/\/eskigazeteci.com\/index.php?rest_route=%2Fwp%2Fv2%2Fcategories&post=14151"},{"taxonomy":"post_tag","embeddable":true,"href":"https:\/\/eskigazeteci.com\/index.php?rest_route=%2Fwp%2Fv2%2Ftags&post=14151"}],"curies":[{"name":"wp","href":"https:\/\/api.w.org\/{rel}","templated":true}]}}