{"id":1415,"date":"2026-02-12T08:44:13","date_gmt":"2026-02-12T08:44:13","guid":{"rendered":"https:\/\/eskigazeteci.com\/?p=1415"},"modified":"2026-02-12T08:44:13","modified_gmt":"2026-02-12T08:44:13","slug":"disisleri-bakani-hakan-fidan-ingiliz-financial-timesa-konustu-abdnin-israrli-tavrina-itidal-cagrisi-sonuc-baska-bir-savas-olabilir","status":"publish","type":"post","link":"https:\/\/eskigazeteci.com\/?p=1415","title":{"rendered":"D\u0131\u015fi\u015fleri Bakan\u0131 Hakan Fidan \u0130ngiliz Financial Times&#8217;a konu\u015ftu! ABD&#8217;nin \u0131srarl\u0131 tavr\u0131na itidal \u00e7a\u011fr\u0131s\u0131: Sonu\u00e7 ba\u015fka bir sava\u015f olabilir"},"content":{"rendered":"<p>D\u0131\u015fi\u015fleri Bakan\u0131 Hakan Fidan , Tahran&#x27;\u0131n &quot;ger\u00e7ek bir anla\u015fmaya varmay\u0131 y\u00fcrekten istedi\u011fine&quot; ve 2015 y\u0131l\u0131nda ABD ve di\u011fer d\u00fcnya g\u00fc\u00e7leriyle yap\u0131lan anla\u015fmada oldu\u011fu gibi, zenginle\u015ftirme seviyeleri \u00fczerindeki k\u0131s\u0131tlamalar\u0131 ve s\u0131k\u0131 bir denetim rejimini kabul edece\u011fine inand\u0131\u011f\u0131n\u0131 s\u00f6yledi.<\/p>\n<p>ABD\u2019li, \u0130ranl\u0131 ve b\u00f6lge yetkilileriyle s\u00fcrekli temas halinde olan Fidan, \u201cAmerikal\u0131lar\u0131n net s\u0131n\u0131rlar i\u00e7inde \u0130ran\u2019\u0131n zenginle\u015ftirme faaliyetini tolere etmeye istekli g\u00f6r\u00fcnmesi olumlu\u201d dedi ve ekledi;<\/p>\n<p>\u201c\u0130ranl\u0131lar art\u0131k Amerikal\u0131larla bir anla\u015fmaya varmalar\u0131 gerekti\u011fini kabul ediyor ve Amerikal\u0131lar da \u0130ranl\u0131lar\u0131n belirli s\u0131n\u0131rlar\u0131 oldu\u011funu anl\u0131yor. Onlar\u0131 zorlamaya \u00e7al\u0131\u015fmak anlams\u0131z.\u201d<\/p>\n<p>SONU\u00c7 B\u00d6LGEDE YEN\u0130 B\u0130R SAVA\u015e OLAB\u0130L\u0130R<\/p>\n<p>Bakan Fidan, ABD\u2019nin \u0130ran&#x27;\u0131n f\u00fcze program\u0131 ve milis gruplara destek gibi ba\u015fl\u0131klar\u0131 da ayn\u0131 anda masaya koymakta \u0131srar etmesi halinde n\u00fckleer m\u00fczakerelerin zora girebilece\u011fini vurgulayarak &quot;ABD t\u00fcm konular\u0131 ayn\u0131 anda ele almakta \u0131srar ederse korkar\u0131m n\u00fckleer dosya bile ilerlemez. Sonu\u00e7 b\u00f6lgede yeni bir sava\u015f olabilir.&quot; uyar\u0131s\u0131nda bulundu.<\/p>\n<p>TRUMP&#x27;TAN KARMA\u015eIK MESAJLAR T\u00fcrkiye, Katar, Umman ve M\u0131s\u0131r&#x27;\u0131n taraflar\u0131 m\u00fczakere masas\u0131na oturtma \u00e7abalar\u0131n\u0131 yo\u011funla\u015ft\u0131rmas\u0131n\u0131n ard\u0131ndan, ABD&#8230;<\/p>\n","protected":false},"excerpt":{"rendered":"<p>D\u0131\u015fi\u015fleri Bakan\u0131 Hakan Fidan \u0130ngiliz Financial Times gazetesine verdi\u011fi r\u00f6portajda hem ABD\u2019nin hem de \u0130ran\u2019\u0131n n\u00fckleer anla\u015fmaya varmak i\u00e7in &#8216;uzla\u015fmaya haz\u0131r&#8217;&#8230;<\/p>\n","protected":false},"author":2,"featured_media":1414,"comment_status":"open","ping_status":"open","sticky":false,"template":"","format":"standard","meta":{"footnotes":""},"categories":[8,6,5],"tags":[],"class_list":["post-1415","post","type-post","status-publish","format-standard","has-post-thumbnail","hentry","category-arsiv","category-gundem","category-son-dakika"],"_links":{"self":[{"href":"https:\/\/eskigazeteci.com\/index.php?rest_route=\/wp\/v2\/posts\/1415","targetHints":{"allow":["GET"]}}],"collection":[{"href":"https:\/\/eskigazeteci.com\/index.php?rest_route=\/wp\/v2\/posts"}],"about":[{"href":"https:\/\/eskigazeteci.com\/index.php?rest_route=\/wp\/v2\/types\/post"}],"author":[{"embeddable":true,"href":"https:\/\/eskigazeteci.com\/index.php?rest_route=\/wp\/v2\/users\/2"}],"replies":[{"embeddable":true,"href":"https:\/\/eskigazeteci.com\/index.php?rest_route=%2Fwp%2Fv2%2Fcomments&post=1415"}],"version-history":[{"count":0,"href":"https:\/\/eskigazeteci.com\/index.php?rest_route=\/wp\/v2\/posts\/1415\/revisions"}],"wp:featuredmedia":[{"embeddable":true,"href":"https:\/\/eskigazeteci.com\/index.php?rest_route=\/wp\/v2\/media\/1414"}],"wp:attachment":[{"href":"https:\/\/eskigazeteci.com\/index.php?rest_route=%2Fwp%2Fv2%2Fmedia&parent=1415"}],"wp:term":[{"taxonomy":"category","embeddable":true,"href":"https:\/\/eskigazeteci.com\/index.php?rest_route=%2Fwp%2Fv2%2Fcategories&post=1415"},{"taxonomy":"post_tag","embeddable":true,"href":"https:\/\/eskigazeteci.com\/index.php?rest_route=%2Fwp%2Fv2%2Ftags&post=1415"}],"curies":[{"name":"wp","href":"https:\/\/api.w.org\/{rel}","templated":true}]}}