{"id":14149,"date":"2026-03-21T04:13:38","date_gmt":"2026-03-21T04:13:38","guid":{"rendered":"https:\/\/eskigazeteci.com\/?p=14149"},"modified":"2026-03-21T04:13:38","modified_gmt":"2026-03-21T04:13:38","slug":"bu-filmden-sonra-arkadasligimiz-daha-da-derinlesti","status":"publish","type":"post","link":"https:\/\/eskigazeteci.com\/?p=14149","title":{"rendered":"\u2018Bu filmden sonra arkada\u015fl\u0131\u011f\u0131m\u0131z daha da derinle\u015fti\u2019"},"content":{"rendered":"<p>Onlar birbirini uzun s\u00fcredir tan\u0131yor. Aralar\u0131nda egodan ar\u0131nm\u0131\u015f, harika bir arkada\u015fl\u0131k var. Bunu filmlerine de yans\u0131tm\u0131\u015flar. Bol bol fikir al\u0131\u015fveri\u015fi de yap\u0131yorlar. Do\u011fu Demirkol \u201cCem Abi her konuda taktik alabilece\u011fim biri\u201d diyor. Cem Gelino\u011flu ve Do\u011fu Demirkol\u2019la ba\u015fl\u0131yoruz sohbete&#8230;<\/p>\n<p>\u25ca Yeni filminiz \u2018Karde\u015fler Ara\u015ft\u0131rma\u2019 nas\u0131l, anlat\u0131r m\u0131s\u0131n\u0131z?<\/p>\n<p>Do\u011fu Demirkol: Kendi \u00e7aplar\u0131nda, ili\u015fkiler konusunda insanlara dedektiflik hizmeti veren abi ve karde\u015fe istihbarat taraf\u0131ndan boylar\u0131n\u0131 a\u015fan uluslararas\u0131 bir g\u00f6rev y\u00fckleniyor. \u00c7ok k\u0131sa s\u00fcrede bu g\u00f6revi halletmemiz gerekiyor. Abim (Cem Gelino\u011flu) ekibi toparlayan ki\u015fi, ben de s\u00fcrekli i\u015ften f\u0131ymaya \u00e7al\u0131\u015fan bir tipim.<\/p>\n<p>\u25ca Karakterleriniz bir \u00e7e\u015fit a\u015fk dedektifleri mi?<\/p>\n<p>Cem Gelino\u011flu: Evet, ili\u015fkiler konusunda uzmanla\u015fm\u0131\u015f iki karde\u015f diyebiliriz.<\/p>\n<p>\u25ca Hayat\u0131n\u0131zda ili\u015fkiler konusunda nas\u0131l bir uzmanl\u0131k var?<\/p>\n<p>Cem Gelino\u011flu: Vallahi biraz birbirimize taktikler verdik.<\/p>\n<p>Do\u011fu Demirkol: Benim \u00f6yle taktik verebilecek bir taraf\u0131m yok. Cem Abi\u2019den taktik ald\u0131m diyeyim. O, hayat\u0131n i\u00e7inde de her konuda taktik alabilece\u011fim biri.<\/p>\n<p>\u25ca Sizin bir ili\u015fki dedektifi tutman\u0131z gerekse kendi ili\u015fkilerinizle ilgili neyi merak ederdiniz?<\/p>\n<p>Cem Gelino\u011flu: Benim merak&#8230;<\/p>\n","protected":false},"excerpt":{"rendered":"<p>\u0130kisi de mizah\u0131n son d\u00f6nemdeki y\u0131ld\u0131zlar\u0131ndan. Filmleriyle, dizileriyle, \u015fovlar\u0131yla herkesin y\u00fcz\u00fcn\u00fc g\u00fcld\u00fcr\u00fcyorlar. Cem Gelino\u011flu ve Do\u011fu Demirkol bu hafta&#8230;<\/p>\n","protected":false},"author":2,"featured_media":14148,"comment_status":"open","ping_status":"open","sticky":false,"template":"","format":"standard","meta":{"footnotes":""},"categories":[8,6,5],"tags":[],"class_list":["post-14149","post","type-post","status-publish","format-standard","has-post-thumbnail","hentry","category-arsiv","category-gundem","category-son-dakika"],"_links":{"self":[{"href":"https:\/\/eskigazeteci.com\/index.php?rest_route=\/wp\/v2\/posts\/14149","targetHints":{"allow":["GET"]}}],"collection":[{"href":"https:\/\/eskigazeteci.com\/index.php?rest_route=\/wp\/v2\/posts"}],"about":[{"href":"https:\/\/eskigazeteci.com\/index.php?rest_route=\/wp\/v2\/types\/post"}],"author":[{"embeddable":true,"href":"https:\/\/eskigazeteci.com\/index.php?rest_route=\/wp\/v2\/users\/2"}],"replies":[{"embeddable":true,"href":"https:\/\/eskigazeteci.com\/index.php?rest_route=%2Fwp%2Fv2%2Fcomments&post=14149"}],"version-history":[{"count":0,"href":"https:\/\/eskigazeteci.com\/index.php?rest_route=\/wp\/v2\/posts\/14149\/revisions"}],"wp:featuredmedia":[{"embeddable":true,"href":"https:\/\/eskigazeteci.com\/index.php?rest_route=\/wp\/v2\/media\/14148"}],"wp:attachment":[{"href":"https:\/\/eskigazeteci.com\/index.php?rest_route=%2Fwp%2Fv2%2Fmedia&parent=14149"}],"wp:term":[{"taxonomy":"category","embeddable":true,"href":"https:\/\/eskigazeteci.com\/index.php?rest_route=%2Fwp%2Fv2%2Fcategories&post=14149"},{"taxonomy":"post_tag","embeddable":true,"href":"https:\/\/eskigazeteci.com\/index.php?rest_route=%2Fwp%2Fv2%2Ftags&post=14149"}],"curies":[{"name":"wp","href":"https:\/\/api.w.org\/{rel}","templated":true}]}}