{"id":14147,"date":"2026-03-21T04:12:04","date_gmt":"2026-03-21T04:12:04","guid":{"rendered":"https:\/\/eskigazeteci.com\/?p=14147"},"modified":"2026-03-21T04:12:04","modified_gmt":"2026-03-21T04:12:04","slug":"domatesi-salataligi-da-yazin-yesinler","status":"publish","type":"post","link":"https:\/\/eskigazeteci.com\/?p=14147","title":{"rendered":"\u2018Domatesi, salatal\u0131\u011f\u0131 da yaz\u0131n yesinler\u2019"},"content":{"rendered":"<p>Gizem: G\u00fclay, Lorin\u2019in okulunda bu y\u0131l\u0131n temas\u0131 ekosistem. Her \u00e7eyrek d\u00f6nemde temaya ba\u011fl\u0131 bir konu hakk\u0131nda tart\u0131\u015f\u0131yor, projeler \u00fcretiyor, \u00f6\u011freniyorlar. Bu \u00e7eyrekte \u2018Topraktan Besleniyoruz\u2019 kapsam\u0131nda mevsiminde sebze ve meyve yemenin \u00f6nemini \u00f6\u011frendiler. Sen bu konuda \u00e7ok hassass\u0131n, biliyorum.<\/p>\n<p>G\u00fclay: Evet, hem buna dikkat ederek ya\u015famaya \u00e7al\u0131\u015f\u0131yorum hem de bu konuda yaz\u0131yorum. Bu bilincin yerle\u015fmesi i\u00e7in \u00e7ocuklardan ba\u015flamak harika bir ad\u0131m. Lorin bu konuda neler \u00f6\u011frendi, seni \u015fa\u015f\u0131rtan talepleri oluyor mu?<\/p>\n<p>Gizem: Evet, oluyor. Bah\u00e7eye tohum ekmek istiyor. Evimizin bah\u00e7esi varm\u0131\u015f gibi taleplerle gelmesine \u015fa\u015f\u0131r\u0131yorum. Tabii iklim krizi hakk\u0131nda epeyce fikir sahibi olmas\u0131 \u00e7ok ho\u015fuma gidiyor. Ev \u00e7evresinde arabaya binmek yerine bir\u00e7ok yere y\u00fcr\u00fcmeyi tercih ediyor. Bana da bisiklete binmemi tavsiye ediyor. Geri d\u00f6n\u00fc\u015f\u00fcm, ileri d\u00f6n\u00fc\u015f\u00fcm derken her \u015feyi biriktirmeye ba\u015flad\u0131k. \u201cAtma, ben onu de\u011ferlendiririm\u201d diyor. Her ay\u0131n de\u011fi\u015fen sebzelerini bize anlatmaksa \u00f6devi. Markette buna g\u00f6re al\u0131\u015fveri\u015f yapmazsak evde tantana \u00e7\u0131k\u0131yor.<\/p>\n<p>G\u00fclay: Epey duyarl\u0131ym\u0131\u015f Lorinci\u011fim bu konuda ger\u00e7ekten. Daha \u00f6nceleri kimse bu kadar duyarl\u0131 de\u011fildi Gizem. Geldi, geliyor diye yazd\u0131\u011f\u0131m\u0131z iklim krizi haberleri&#8230;<\/p>\n","protected":false},"excerpt":{"rendered":"<p>\u0130klim de\u011fi\u015fiminin sonu\u00e7lar\u0131 her ge\u00e7en y\u0131l sofralar\u0131m\u0131za gelen yiyecekleri ve g\u0131da g\u00fcvenli\u011fini daha fazla etkiliyor. G\u00fclay ve Gizem\u2019in radar\u0131nda bu hafta&#8230;<\/p>\n","protected":false},"author":2,"featured_media":14146,"comment_status":"open","ping_status":"open","sticky":false,"template":"","format":"standard","meta":{"footnotes":""},"categories":[8,6,5],"tags":[],"class_list":["post-14147","post","type-post","status-publish","format-standard","has-post-thumbnail","hentry","category-arsiv","category-gundem","category-son-dakika"],"_links":{"self":[{"href":"https:\/\/eskigazeteci.com\/index.php?rest_route=\/wp\/v2\/posts\/14147","targetHints":{"allow":["GET"]}}],"collection":[{"href":"https:\/\/eskigazeteci.com\/index.php?rest_route=\/wp\/v2\/posts"}],"about":[{"href":"https:\/\/eskigazeteci.com\/index.php?rest_route=\/wp\/v2\/types\/post"}],"author":[{"embeddable":true,"href":"https:\/\/eskigazeteci.com\/index.php?rest_route=\/wp\/v2\/users\/2"}],"replies":[{"embeddable":true,"href":"https:\/\/eskigazeteci.com\/index.php?rest_route=%2Fwp%2Fv2%2Fcomments&post=14147"}],"version-history":[{"count":0,"href":"https:\/\/eskigazeteci.com\/index.php?rest_route=\/wp\/v2\/posts\/14147\/revisions"}],"wp:featuredmedia":[{"embeddable":true,"href":"https:\/\/eskigazeteci.com\/index.php?rest_route=\/wp\/v2\/media\/14146"}],"wp:attachment":[{"href":"https:\/\/eskigazeteci.com\/index.php?rest_route=%2Fwp%2Fv2%2Fmedia&parent=14147"}],"wp:term":[{"taxonomy":"category","embeddable":true,"href":"https:\/\/eskigazeteci.com\/index.php?rest_route=%2Fwp%2Fv2%2Fcategories&post=14147"},{"taxonomy":"post_tag","embeddable":true,"href":"https:\/\/eskigazeteci.com\/index.php?rest_route=%2Fwp%2Fv2%2Ftags&post=14147"}],"curies":[{"name":"wp","href":"https:\/\/api.w.org\/{rel}","templated":true}]}}