{"id":14145,"date":"2026-03-21T04:10:32","date_gmt":"2026-03-21T04:10:32","guid":{"rendered":"https:\/\/eskigazeteci.com\/?p=14145"},"modified":"2026-03-21T04:10:32","modified_gmt":"2026-03-21T04:10:32","slug":"50-ustadan-genclere-mektup-var","status":"publish","type":"post","link":"https:\/\/eskigazeteci.com\/?p=14145","title":{"rendered":"50 ustadan gen\u00e7lere mektup var"},"content":{"rendered":"<p>Daha \u00f6nce Ankara ve Mersin\u2019de sergilenen \u2018Konu\u015fan Mektuplar: Ustalardan Gen\u00e7lere Mesajlar\u2019 mektup sergisi \u015fimdi de \u0130stanbul\u2019da. Ustalar\u0131n sesini gelece\u011fe ula\u015ft\u0131rma fikriyle yola \u00e7\u0131kan, 50 mektupluk se\u00e7kiyle Evrim Sanat Galerisi\u2019nde sanatseverlerle bulu\u015fan sergi 26 Mart\u2019a kadar ziyaret edilebilir. Sergide aralar\u0131nda Ataol Behramo\u011flu, Ay\u015fe Kulin, Sunay Ak\u0131n, Tamer Levent, Cihat Aral, Mustafa Ayaz, S\u00fcleyman Saim Tekcan ve Zahit B\u00fcy\u00fcki\u015fliyen\u2019in de oldu\u011fu isimlerin mektuplar\u0131 var.<\/p>\n<p>Projenin ortaya \u00e7\u0131k\u0131\u015f\u0131 ressam G\u00fcnsu Sara\u00e7o\u011flu\u2019yla Evrim Sanat Galerisi\u2019nin kurucusu Bet\u00fcl Ketenci\u2019nin yapt\u0131\u011f\u0131 bir telefon konu\u015fmas\u0131yla olmu\u015f ve zamanla geni\u015f bir ortak \u00fcretime d\u00f6n\u00fc\u015fm\u00fc\u015f. Yakla\u015f\u0131k iki y\u0131ld\u0131r devam eden projede bug\u00fcne kadar 200\u2019e yak\u0131n mektup kaleme al\u0131nm\u0131\u015f. Projenin y\u00f6neticilerinden ressam G\u00fcnsu Sara\u00e7o\u011flu, \u201cKendi alanlar\u0131nda yetkin ve ilham verici s\u00f6zlere sahip bir\u00e7ok de\u011ferli isim projeye destek vererek katk\u0131da bulundu. Her biri, \u00f6zg\u00fcn metinleriyle birer mektup kaleme ald\u0131 ve bu mektuplar\u0131 kendi sesleriyle dinleyicilere ula\u015ft\u0131rd\u0131. Her harfin ard\u0131nda, kalpten kalbe uzanan bir k\u00f6pr\u00fc kurma hayali yat\u0131yor\u201d diyor. Evrim Sanat Galerisi\u2019nin kurucusu ve proje y\u00f6neticisi Bet\u00fcl Ketenci\u2019yse projeye dair&#8230;<\/p>\n","protected":false},"excerpt":{"rendered":"<p>K\u00fclt\u00fcr ve sanat d\u00fcnyas\u0131ndan 50 \u00f6nemli ismi gen\u00e7 ku\u015faklarla bulu\u015fturan \u2018Konu\u015fan Mektuplar: Ustalardan Gen\u00e7lere Mesajlar\u2019 sergisi farkl\u0131 disiplinlerden&#8230;<\/p>\n","protected":false},"author":2,"featured_media":14144,"comment_status":"open","ping_status":"open","sticky":false,"template":"","format":"standard","meta":{"footnotes":""},"categories":[8,6,5],"tags":[],"class_list":["post-14145","post","type-post","status-publish","format-standard","has-post-thumbnail","hentry","category-arsiv","category-gundem","category-son-dakika"],"_links":{"self":[{"href":"https:\/\/eskigazeteci.com\/index.php?rest_route=\/wp\/v2\/posts\/14145","targetHints":{"allow":["GET"]}}],"collection":[{"href":"https:\/\/eskigazeteci.com\/index.php?rest_route=\/wp\/v2\/posts"}],"about":[{"href":"https:\/\/eskigazeteci.com\/index.php?rest_route=\/wp\/v2\/types\/post"}],"author":[{"embeddable":true,"href":"https:\/\/eskigazeteci.com\/index.php?rest_route=\/wp\/v2\/users\/2"}],"replies":[{"embeddable":true,"href":"https:\/\/eskigazeteci.com\/index.php?rest_route=%2Fwp%2Fv2%2Fcomments&post=14145"}],"version-history":[{"count":0,"href":"https:\/\/eskigazeteci.com\/index.php?rest_route=\/wp\/v2\/posts\/14145\/revisions"}],"wp:featuredmedia":[{"embeddable":true,"href":"https:\/\/eskigazeteci.com\/index.php?rest_route=\/wp\/v2\/media\/14144"}],"wp:attachment":[{"href":"https:\/\/eskigazeteci.com\/index.php?rest_route=%2Fwp%2Fv2%2Fmedia&parent=14145"}],"wp:term":[{"taxonomy":"category","embeddable":true,"href":"https:\/\/eskigazeteci.com\/index.php?rest_route=%2Fwp%2Fv2%2Fcategories&post=14145"},{"taxonomy":"post_tag","embeddable":true,"href":"https:\/\/eskigazeteci.com\/index.php?rest_route=%2Fwp%2Fv2%2Ftags&post=14145"}],"curies":[{"name":"wp","href":"https:\/\/api.w.org\/{rel}","templated":true}]}}