{"id":14143,"date":"2026-03-21T04:09:01","date_gmt":"2026-03-21T04:09:01","guid":{"rendered":"https:\/\/eskigazeteci.com\/?p=14143"},"modified":"2026-03-21T04:09:01","modified_gmt":"2026-03-21T04:09:01","slug":"evlilik-sozlesmesi-dudak-ucuklatti","status":"publish","type":"post","link":"https:\/\/eskigazeteci.com\/?p=14143","title":{"rendered":"Evlilik s\u00f6zle\u015fmesi dudak u\u00e7uklatt\u0131"},"content":{"rendered":"<p>Yak\u0131n zamanda evlenmeye haz\u0131rlanan \u00e7iftin imzalad\u0131\u011f\u0131 mukaveledeki maddeler milyonlarca dolar de\u011ferinde. Yeni evlilik s\u00f6zle\u015fmesinde \u00f6ne \u00e7\u0131kan maddeler \u015f\u00f6yle:<\/p>\n<p>* Georgina\u2019ya \u00f6m\u00fcr boyu ayl\u0131k 144 bin dolar \u00f6denecek.<\/p>\n<p>* Ronaldo\u2019nun bireysel tatilleri olacak; Georgina bu tatillere kat\u0131lmayacak.<\/p>\n<p>* L\u00fcks ya\u015fam, tatil ve di\u011fer harcamalar Ronaldo taraf\u0131ndan g\u00fcvence alt\u0131na al\u0131nacak.<\/p>\n<p>* 5.6 milyon dolarl\u0131k malik\u00e2nenin tapusu Georgina\u2019n\u0131n \u00fczerine olacak.<\/p>\n<p>T\u00fcrkiye&#x27;den ve D\u00fcnya\u2019dan son dakika haberleri, k\u00f6\u015fe yaz\u0131lar\u0131, magazinden siyasete, spordan seyahate b\u00fct\u00fcn konular\u0131n tek adresi Hurriyet.com.tr haber i\u00e7erikleri izin al\u0131nmadan, kaynak g\u00f6sterilerek dahi iktibas edilemez. Kanuna ayk\u0131r\u0131 ve izinsiz olarak kopyalanamaz, ba\u015fka yerde yay\u0131nlanamaz.<\/p>\n","protected":false},"excerpt":{"rendered":"<p>Kariyerini Suudi Arabistan\u2019\u0131n Al-Nassr Kul\u00fcb\u00fc\u2019nde s\u00fcrd\u00fcren Cristiano Ronaldo, yakla\u015f\u0131k 10 y\u0131ld\u0131r beraber oldu\u011fu Georgina Rodriguez ile olan evlilik&#8230;<\/p>\n","protected":false},"author":2,"featured_media":14142,"comment_status":"open","ping_status":"open","sticky":false,"template":"","format":"standard","meta":{"footnotes":""},"categories":[8,6,5],"tags":[],"class_list":["post-14143","post","type-post","status-publish","format-standard","has-post-thumbnail","hentry","category-arsiv","category-gundem","category-son-dakika"],"_links":{"self":[{"href":"https:\/\/eskigazeteci.com\/index.php?rest_route=\/wp\/v2\/posts\/14143","targetHints":{"allow":["GET"]}}],"collection":[{"href":"https:\/\/eskigazeteci.com\/index.php?rest_route=\/wp\/v2\/posts"}],"about":[{"href":"https:\/\/eskigazeteci.com\/index.php?rest_route=\/wp\/v2\/types\/post"}],"author":[{"embeddable":true,"href":"https:\/\/eskigazeteci.com\/index.php?rest_route=\/wp\/v2\/users\/2"}],"replies":[{"embeddable":true,"href":"https:\/\/eskigazeteci.com\/index.php?rest_route=%2Fwp%2Fv2%2Fcomments&post=14143"}],"version-history":[{"count":0,"href":"https:\/\/eskigazeteci.com\/index.php?rest_route=\/wp\/v2\/posts\/14143\/revisions"}],"wp:featuredmedia":[{"embeddable":true,"href":"https:\/\/eskigazeteci.com\/index.php?rest_route=\/wp\/v2\/media\/14142"}],"wp:attachment":[{"href":"https:\/\/eskigazeteci.com\/index.php?rest_route=%2Fwp%2Fv2%2Fmedia&parent=14143"}],"wp:term":[{"taxonomy":"category","embeddable":true,"href":"https:\/\/eskigazeteci.com\/index.php?rest_route=%2Fwp%2Fv2%2Fcategories&post=14143"},{"taxonomy":"post_tag","embeddable":true,"href":"https:\/\/eskigazeteci.com\/index.php?rest_route=%2Fwp%2Fv2%2Ftags&post=14143"}],"curies":[{"name":"wp","href":"https:\/\/api.w.org\/{rel}","templated":true}]}}