{"id":14141,"date":"2026-03-21T04:07:29","date_gmt":"2026-03-21T04:07:29","guid":{"rendered":"https:\/\/eskigazeteci.com\/?p=14141"},"modified":"2026-03-21T04:07:29","modified_gmt":"2026-03-21T04:07:29","slug":"asirlik-bayram-sekerle-yurekler-sevgiyle-doldu","status":"publish","type":"post","link":"https:\/\/eskigazeteci.com\/?p=14141","title":{"rendered":"As\u0131rl\u0131k Bayram \u015eekerle Y\u00fcrekler Sevgiyle Doldu"},"content":{"rendered":"<p>K\u0131rklareli&#x27;nin P\u0131narhisar il\u00e7esi&#x27;nde d\u00fczenlenen as\u0131rl\u0131k gelenekleri, Ramazan Bayram\u0131 ve S\u00fctl\u00fcce k\u00f6y\u00fcne yerletilen bayramla\u015fma t\u00f6reni ile devam ediyor. Aileler ve \u00e7ocuklar\u0131 k\u00f6y meydan\u0131nda toplad\u0131\u011f\u0131 sepetlere \u015feker vadedi. 74 ya\u015f\u0131ndaki Esme K\u00f6rbekiro\u011flu, \u00e7ocukken &#x27;\u015feker da\u011f\u0131tt\u0131\u011f\u0131n\u0131&#x27; s\u00f6yl\u00fcyor. Ayr\u0131ca, 100 y\u0131ld\u0131r devam eden bu k\u00fclt\u00fcr\u00fcn mutlulu\u011funu ve \u00e7ocuklar\u0131n\u0131n sevgiye d\u00f6v\u00fc\u015fe olan birlikte a\u00e7\u0131kl\u0131yor.<\/p>\n","protected":false},"excerpt":{"rendered":"<p>P\u0131narhisar il\u00e7esinde d\u00fczenlendi. S\u00fctl\u00fcce k\u00f6y\u00fcnde organla\u015fan etkinli\u011fi\u3002<\/p>\n","protected":false},"author":2,"featured_media":14140,"comment_status":"open","ping_status":"open","sticky":false,"template":"","format":"standard","meta":{"footnotes":""},"categories":[8,6,5],"tags":[],"class_list":["post-14141","post","type-post","status-publish","format-standard","has-post-thumbnail","hentry","category-arsiv","category-gundem","category-son-dakika"],"_links":{"self":[{"href":"https:\/\/eskigazeteci.com\/index.php?rest_route=\/wp\/v2\/posts\/14141","targetHints":{"allow":["GET"]}}],"collection":[{"href":"https:\/\/eskigazeteci.com\/index.php?rest_route=\/wp\/v2\/posts"}],"about":[{"href":"https:\/\/eskigazeteci.com\/index.php?rest_route=\/wp\/v2\/types\/post"}],"author":[{"embeddable":true,"href":"https:\/\/eskigazeteci.com\/index.php?rest_route=\/wp\/v2\/users\/2"}],"replies":[{"embeddable":true,"href":"https:\/\/eskigazeteci.com\/index.php?rest_route=%2Fwp%2Fv2%2Fcomments&post=14141"}],"version-history":[{"count":0,"href":"https:\/\/eskigazeteci.com\/index.php?rest_route=\/wp\/v2\/posts\/14141\/revisions"}],"wp:featuredmedia":[{"embeddable":true,"href":"https:\/\/eskigazeteci.com\/index.php?rest_route=\/wp\/v2\/media\/14140"}],"wp:attachment":[{"href":"https:\/\/eskigazeteci.com\/index.php?rest_route=%2Fwp%2Fv2%2Fmedia&parent=14141"}],"wp:term":[{"taxonomy":"category","embeddable":true,"href":"https:\/\/eskigazeteci.com\/index.php?rest_route=%2Fwp%2Fv2%2Fcategories&post=14141"},{"taxonomy":"post_tag","embeddable":true,"href":"https:\/\/eskigazeteci.com\/index.php?rest_route=%2Fwp%2Fv2%2Ftags&post=14141"}],"curies":[{"name":"wp","href":"https:\/\/api.w.org\/{rel}","templated":true}]}}