{"id":14139,"date":"2026-03-21T04:06:04","date_gmt":"2026-03-21T04:06:04","guid":{"rendered":"https:\/\/eskigazeteci.com\/?p=14139"},"modified":"2026-03-21T04:06:04","modified_gmt":"2026-03-21T04:06:04","slug":"istanbul-valisi-gul-darulacezede-biz-ulke-olarak-buyuk-bir-aileyiz","status":"publish","type":"post","link":"https:\/\/eskigazeteci.com\/?p=14139","title":{"rendered":"\u0130stanbul Valisi G\u00fcl Dar\u00fclaceze\u2019de&#8230; Biz \u00fclke olarak b\u00fcy\u00fck bir aileyiz"},"content":{"rendered":"<p>Bayramla\u015fma sonras\u0131 konu\u015fma yapan Vali G\u00fcl, \u00f6zetle \u015funlar\u0131 s\u00f6yledi: \u201cBiz \u00fclke olarak b\u00fcy\u00fck bir aileyiz. Dar\u00fclaceze ailesi olarak da ramazanda ve bayramlarda bir araya geldik. \u00c7ocuklar\u0131m\u0131za destek olan t\u00fcm \u00e7al\u0131\u015fanlar\u0131m\u0131za te\u015fekk\u00fcr ederiz. T\u0131pk\u0131 kendi evlatlar\u0131 gibi ilgileniyorlar. Nerede ya\u015fad\u0131\u011f\u0131m\u0131z \u00f6nemli de\u011fil, \u00f6nemli olan karde\u015fli\u011fi ve ba\u011f\u0131 hissetmektir. Herkes bayram yaparken, bayramlarda Dar\u00fclaceze gibi kurumlar hizmet vermeye devam ediyor. Bu kurumlarda \u00e7al\u0131\u015fanlar\u0131n hem bayram\u0131n\u0131 tebrik eder hem de te\u015fekk\u00fcr ederim. Sizlerin fedak\u00e2rl\u0131\u011f\u0131 burada ya\u015fayan sakinlerin daha huzurlu ve mutlu ya\u015famlar\u0131n\u0131n en \u00f6nemli teminat\u0131 oluyor. Cumhurba\u015fkan\u0131m\u0131z, bakan\u0131m\u0131z ba\u015fta olmak \u00fczere eme\u011fi ge\u00e7en herkese te\u015fekk\u00fcr ederim. Herkesin bayram\u0131n\u0131 kutluyorum.\u201d<\/p>\n<p>\ufffd<\/p>\n<p>T\u00fcrkiye g\u00fcndeminden son dakika haberleri, bug\u00fcn ya\u015fanan en son geli\u015fmeler, siyaset g\u00fcndeminden g\u00fcncel haberler ve b\u00fct\u00fcn son dakika haberleri i\u00e7in H\u00fcrriyet&#x27;in internet haber sitesi hurriyet.com.tr; Hurriyet.com.tr haber i\u00e7erikleri kaynak g\u00f6sterilmeden al\u0131nt\u0131 yap\u0131lamaz, Kanuna ayk\u0131r\u0131 ve izinsiz olarak kopyalanamaz, ba\u015fka yerde yay\u0131nlanamaz.<\/p>\n","protected":false},"excerpt":{"rendered":"<p>\u0130STANBUL Valisi Davut G\u00fcl, Ramazan Bayram\u0131\u2019n\u0131n ilk g\u00fcn\u00fcnde Dar\u00fclaceze\u2019yi ziyaret ederek, huzurevi sakinleri ve \u00e7ocuklarla kahvalt\u0131 yapt\u0131.<\/p>\n","protected":false},"author":2,"featured_media":14138,"comment_status":"open","ping_status":"open","sticky":false,"template":"","format":"standard","meta":{"footnotes":""},"categories":[8,6,5],"tags":[],"class_list":["post-14139","post","type-post","status-publish","format-standard","has-post-thumbnail","hentry","category-arsiv","category-gundem","category-son-dakika"],"_links":{"self":[{"href":"https:\/\/eskigazeteci.com\/index.php?rest_route=\/wp\/v2\/posts\/14139","targetHints":{"allow":["GET"]}}],"collection":[{"href":"https:\/\/eskigazeteci.com\/index.php?rest_route=\/wp\/v2\/posts"}],"about":[{"href":"https:\/\/eskigazeteci.com\/index.php?rest_route=\/wp\/v2\/types\/post"}],"author":[{"embeddable":true,"href":"https:\/\/eskigazeteci.com\/index.php?rest_route=\/wp\/v2\/users\/2"}],"replies":[{"embeddable":true,"href":"https:\/\/eskigazeteci.com\/index.php?rest_route=%2Fwp%2Fv2%2Fcomments&post=14139"}],"version-history":[{"count":0,"href":"https:\/\/eskigazeteci.com\/index.php?rest_route=\/wp\/v2\/posts\/14139\/revisions"}],"wp:featuredmedia":[{"embeddable":true,"href":"https:\/\/eskigazeteci.com\/index.php?rest_route=\/wp\/v2\/media\/14138"}],"wp:attachment":[{"href":"https:\/\/eskigazeteci.com\/index.php?rest_route=%2Fwp%2Fv2%2Fmedia&parent=14139"}],"wp:term":[{"taxonomy":"category","embeddable":true,"href":"https:\/\/eskigazeteci.com\/index.php?rest_route=%2Fwp%2Fv2%2Fcategories&post=14139"},{"taxonomy":"post_tag","embeddable":true,"href":"https:\/\/eskigazeteci.com\/index.php?rest_route=%2Fwp%2Fv2%2Ftags&post=14139"}],"curies":[{"name":"wp","href":"https:\/\/api.w.org\/{rel}","templated":true}]}}