{"id":14137,"date":"2026-03-21T04:04:32","date_gmt":"2026-03-21T04:04:32","guid":{"rendered":"https:\/\/eskigazeteci.com\/?p=14137"},"modified":"2026-03-21T04:04:32","modified_gmt":"2026-03-21T04:04:32","slug":"bakan-ciftci-tedbirleri-acikladi-313-bin-745-personel-sahada","status":"publish","type":"post","link":"https:\/\/eskigazeteci.com\/?p=14137","title":{"rendered":"Bakan \u00c7ift\u00e7i tedbirleri a\u00e7\u0131klad\u0131: 313 bin 745 personel sahada"},"content":{"rendered":"<p>Vatanda\u015flar\u0131n bayram\u0131 huzur ve g\u00fcven i\u00e7inde ge\u00e7irmelerini sa\u011flamak amac\u0131yla valiliklere, kaymakaml\u0131klara ve kolluk birimlerine y\u00f6nelik kapsaml\u0131 bir genelge yay\u0131mlad\u0131klar\u0131n\u0131 belirten \u00c7ift\u00e7i, \u015fu bilgileri verdi: \u201c313 bin 745 emniyet, jandarma ve Sahil G\u00fcvenlik personelimiz bayramda g\u00f6rev yapacak, sahada olacaklar. Ayn\u0131 zamanda 50 bin 150 otomobil ve motosikletle T\u00fcrkiye\u2019nin her yerinde g\u00f6rev ba\u015f\u0131nda olacaklar. Karadan yapt\u0131\u011f\u0131m\u0131z denetimlerin yan\u0131nda 16 helikopter, 1222 \u0130HA ve dron havadan denetim yapacak. Ayn\u0131 zamanda 390 gemi ve bot da Sahil G\u00fcvenlik unsurlar\u0131m\u0131za bu denetimlerde i\u015ftirak edecek. Onlar da bayram\u0131n huzur i\u00e7erisinde ge\u00e7mesi noktas\u0131nda vatanda\u015f\u0131m\u0131za yard\u0131mc\u0131 olacak.\u201d Havaalanlar\u0131nda, otogarlarda, al\u0131\u015fveri\u015f merkezlerinde, ya\u015fam alanlar\u0131nda, turizm merkezlerinde de hareketliliklerin olaca\u011f\u0131na i\u015faret eden \u00c7ift\u00e7i, \u201cOralarda da ekiplerimiz yine b\u00fct\u00fcn tedbirleri alacaklar, g\u00fcvenlik tedbirlerini art\u0131rm\u0131\u015f olacaklar\u201d ifadesini kulland\u0131. Bakan \u00c7ift\u00e7i, t\u00fcm vatanda\u015flar\u0131n ve kolluk kuvvetlerinin Ramazan Bayram\u0131 \u2019n\u0131 g\u00fcvenlik g\u00fc\u00e7lerinin telsizlerine g\u00f6nderdi\u011fi mesajla da kutlad\u0131.<\/p>\n<p>Denetimlerini s\u0131kla\u015ft\u0131ran polis ekipleri, \u0130\u00e7i\u015fleri Bakanl\u0131\u011f\u0131\u2019n\u0131n \u201cKemerini Tak Bayram Sensiz Olmaz\u201d&#8230;<\/p>\n","protected":false},"excerpt":{"rendered":"<p>\u0130\u00c7\u0130\u015eLER\u0130 Bakan\u0131 Mustafa \u00c7ift\u00e7i, bakanl\u0131ktaki G\u00fcvenlik ve Acil Durumlar Koordinasyon Merkezi\u2019nde (GAMER) haber ajanslar\u0131n\u0131n temsilcilerinin Ramazan Bayram\u0131&#8230;<\/p>\n","protected":false},"author":2,"featured_media":14136,"comment_status":"open","ping_status":"open","sticky":false,"template":"","format":"standard","meta":{"footnotes":""},"categories":[8,6,5],"tags":[],"class_list":["post-14137","post","type-post","status-publish","format-standard","has-post-thumbnail","hentry","category-arsiv","category-gundem","category-son-dakika"],"_links":{"self":[{"href":"https:\/\/eskigazeteci.com\/index.php?rest_route=\/wp\/v2\/posts\/14137","targetHints":{"allow":["GET"]}}],"collection":[{"href":"https:\/\/eskigazeteci.com\/index.php?rest_route=\/wp\/v2\/posts"}],"about":[{"href":"https:\/\/eskigazeteci.com\/index.php?rest_route=\/wp\/v2\/types\/post"}],"author":[{"embeddable":true,"href":"https:\/\/eskigazeteci.com\/index.php?rest_route=\/wp\/v2\/users\/2"}],"replies":[{"embeddable":true,"href":"https:\/\/eskigazeteci.com\/index.php?rest_route=%2Fwp%2Fv2%2Fcomments&post=14137"}],"version-history":[{"count":0,"href":"https:\/\/eskigazeteci.com\/index.php?rest_route=\/wp\/v2\/posts\/14137\/revisions"}],"wp:featuredmedia":[{"embeddable":true,"href":"https:\/\/eskigazeteci.com\/index.php?rest_route=\/wp\/v2\/media\/14136"}],"wp:attachment":[{"href":"https:\/\/eskigazeteci.com\/index.php?rest_route=%2Fwp%2Fv2%2Fmedia&parent=14137"}],"wp:term":[{"taxonomy":"category","embeddable":true,"href":"https:\/\/eskigazeteci.com\/index.php?rest_route=%2Fwp%2Fv2%2Fcategories&post=14137"},{"taxonomy":"post_tag","embeddable":true,"href":"https:\/\/eskigazeteci.com\/index.php?rest_route=%2Fwp%2Fv2%2Ftags&post=14137"}],"curies":[{"name":"wp","href":"https:\/\/api.w.org\/{rel}","templated":true}]}}