{"id":14135,"date":"2026-03-21T00:04:28","date_gmt":"2026-03-21T00:04:28","guid":{"rendered":"https:\/\/eskigazeteci.com\/?p=14135"},"modified":"2026-03-21T00:04:28","modified_gmt":"2026-03-21T00:04:28","slug":"adanada-yol-kesip-harac-istediler-bicakli-saldirida-3-kardesten-1i-oldu-2si-yarali","status":"publish","type":"post","link":"https:\/\/eskigazeteci.com\/?p=14135","title":{"rendered":"Adana\u2019da yol kesip hara\u00e7 istediler\u2026. B\u0131\u00e7akl\u0131 sald\u0131r\u0131da 3 karde\u015ften 1\u2019i \u00f6ld\u00fc, 2&#8217;si yaral\u0131"},"content":{"rendered":"<p>Olay, ge\u00e7 saatlerde Merkez \u00c7ukurova il\u00e7esi Adnan Menderes Bulvar\u0131\u2019nda meydana geldi. \u0130ddiaya g\u00f6re 4 karde\u015fin \u00f6n\u00fcn\u00fc kesen \u015f\u00fcpheliler, kendilerine para vermelerini istedi. \u015e\u00fcpheliler ile karde\u015fler aras\u0131ndaki tart\u0131\u015fma kavgaya d\u00f6n\u00fc\u015ft\u00fc. Ya\u015fanan arbede s\u0131ras\u0131nda karde\u015flerden Erdo\u011fan Erta\u015f (17), Yakup Erta\u015f (21) ve Haydar Erta\u015f (21) b\u0131\u00e7aklanarak yaraland\u0131. Sald\u0131rgan grup olay yerinden ka\u00e7arken, ihbar \u00fczerine adrese polis ve sa\u011fl\u0131k ekipleri sevk edildi. Sa\u011fl\u0131k ekiplerinin yapt\u0131\u011f\u0131 kontrolde Erdo\u011fan Erta\u015f\u2019\u0131n hayat\u0131n\u0131 kaybetti\u011fi belirlendi. Yaralanan 2 karde\u015f ise ambulanslarla hastaneye kald\u0131r\u0131ld\u0131.<\/p>\n<p>Olayla ilgili \u00e7al\u0131\u015fma ba\u015flatan polis ekipleri, kavgaya kar\u0131\u015ft\u0131\u011f\u0131 belirlenen 5 \u015f\u00fcpheliye yakalayarak, g\u00f6zalt\u0131na ald\u0131. Soru\u015fturma s\u00fcr\u00fcyor.<\/p>\n<p>T\u00fcrkiye g\u00fcndeminden son dakika haberleri, bug\u00fcn ya\u015fanan en son geli\u015fmeler, siyaset g\u00fcndeminden g\u00fcncel haberler ve b\u00fct\u00fcn son dakika haberleri i\u00e7in H\u00fcrriyet&#x27;in internet haber sitesi hurriyet.com.tr; Hurriyet.com.tr haber i\u00e7erikleri kaynak g\u00f6sterilmeden al\u0131nt\u0131 yap\u0131lamaz, Kanuna ayk\u0131r\u0131 ve izinsiz olarak kopyalanamaz, ba\u015fka yerde yay\u0131nlanamaz.<\/p>\n","protected":false},"excerpt":{"rendered":"<p>ADANA\u2019da yol kesen zorbalar, 4 karde\u015ften para istedi. Ya\u015fanan arbede s\u0131ras\u0131nda b\u0131\u00e7akl\u0131 sald\u0131r\u0131ya u\u011frayan karde\u015flerden 1\u2019i \u00f6ld\u00fc, 2\u2019si ise yaraland\u0131. Polis,&#8230;<\/p>\n","protected":false},"author":2,"featured_media":14134,"comment_status":"open","ping_status":"open","sticky":false,"template":"","format":"standard","meta":{"footnotes":""},"categories":[8,6,5],"tags":[],"class_list":["post-14135","post","type-post","status-publish","format-standard","has-post-thumbnail","hentry","category-arsiv","category-gundem","category-son-dakika"],"_links":{"self":[{"href":"https:\/\/eskigazeteci.com\/index.php?rest_route=\/wp\/v2\/posts\/14135","targetHints":{"allow":["GET"]}}],"collection":[{"href":"https:\/\/eskigazeteci.com\/index.php?rest_route=\/wp\/v2\/posts"}],"about":[{"href":"https:\/\/eskigazeteci.com\/index.php?rest_route=\/wp\/v2\/types\/post"}],"author":[{"embeddable":true,"href":"https:\/\/eskigazeteci.com\/index.php?rest_route=\/wp\/v2\/users\/2"}],"replies":[{"embeddable":true,"href":"https:\/\/eskigazeteci.com\/index.php?rest_route=%2Fwp%2Fv2%2Fcomments&post=14135"}],"version-history":[{"count":0,"href":"https:\/\/eskigazeteci.com\/index.php?rest_route=\/wp\/v2\/posts\/14135\/revisions"}],"wp:featuredmedia":[{"embeddable":true,"href":"https:\/\/eskigazeteci.com\/index.php?rest_route=\/wp\/v2\/media\/14134"}],"wp:attachment":[{"href":"https:\/\/eskigazeteci.com\/index.php?rest_route=%2Fwp%2Fv2%2Fmedia&parent=14135"}],"wp:term":[{"taxonomy":"category","embeddable":true,"href":"https:\/\/eskigazeteci.com\/index.php?rest_route=%2Fwp%2Fv2%2Fcategories&post=14135"},{"taxonomy":"post_tag","embeddable":true,"href":"https:\/\/eskigazeteci.com\/index.php?rest_route=%2Fwp%2Fv2%2Ftags&post=14135"}],"curies":[{"name":"wp","href":"https:\/\/api.w.org\/{rel}","templated":true}]}}