{"id":14133,"date":"2026-03-20T23:54:26","date_gmt":"2026-03-20T23:54:26","guid":{"rendered":"https:\/\/eskigazeteci.com\/?p=14133"},"modified":"2026-03-20T23:54:26","modified_gmt":"2026-03-20T23:54:26","slug":"feci-kaza-motosikletli-tip-ogrencisi-otomobille-carpistigi-kazada-oldu","status":"publish","type":"post","link":"https:\/\/eskigazeteci.com\/?p=14133","title":{"rendered":"Feci kaza\u2026 Motosikletli t\u0131p \u00f6\u011frencisi, otomobille \u00e7arp\u0131\u015ft\u0131\u011f\u0131 kazada \u00f6ld\u00fc"},"content":{"rendered":"<p>Kaza, ak\u015fam saatlerinde Talas il\u00e7esi Mevlana Mahallesi Sayer Caddesi\u2019nde meydana geldi. K.E. idaresindeki 38 YE 008 plakas\u0131 \u00f6\u011frenilemeyen otomobil ile Yaren Mercan idaresindeki plakas\u0131 \u00f6\u011frenilemeyen motosiklet \u00e7arp\u0131\u015ft\u0131. Kazada devrilen motosikletten d\u00fc\u015fen s\u00fcr\u00fcc\u00fc Yaren Mercan, metrelerce savrularak a\u011f\u0131r yaraland\u0131. \u00c7evredekilerin ihbar\u0131 \u00fczerine kaza yerine polis ve sa\u011fl\u0131k ekipleri sevk edildi. Erciyes \u00dcniversitesi T\u0131p Fak\u00fcltesi 4\u2019\u00fcnc\u00fc s\u0131n\u0131f \u00f6\u011frencisi Mercan, doktorlar\u0131n t\u00fcm m\u00fcdahalesine ra\u011fmen sabah saatlerinde hayat\u0131n\u0131 kaybetti. Mercan\u2019\u0131n cenazesi otopsi i\u015flemleri i\u00e7in Kayseri Devlet Hastanesi morguna konuldu.<\/p>\n<p>KAZA ANI KAMERADA<\/p>\n<p>\u00d6te yandan otomobil ile Yaren Mercan\u2019\u0131n kulland\u0131\u011f\u0131 motosikletin \u00e7arp\u0131\u015ft\u0131\u011f\u0131 kaza an\u0131 g\u00fcvenlik kameras\u0131na yans\u0131d\u0131. G\u00f6r\u00fcnt\u00fclerde, otomobilin Mercan\u2019a \u00e7arpt\u0131\u011f\u0131 g\u00f6r\u00fcld\u00fc. Kazayla ilgili soru\u015fturma s\u00fcr\u00fcyor.<\/p>\n<p>\ufffd<\/p>\n<p>T\u00fcrkiye g\u00fcndeminden son dakika haberleri, bug\u00fcn ya\u015fanan en son geli\u015fmeler, siyaset g\u00fcndeminden g\u00fcncel haberler ve b\u00fct\u00fcn son dakika haberleri i\u00e7in H\u00fcrriyet&#x27;in internet haber sitesi hurriyet.com.tr; Hurriyet.com.tr haber i\u00e7erikleri kaynak g\u00f6sterilmeden al\u0131nt\u0131 yap\u0131lamaz, Kanuna ayk\u0131r\u0131 ve izinsiz olarak kopyalanamaz, ba\u015fka yerde yay\u0131nlanamaz.<\/p>\n","protected":false},"excerpt":{"rendered":"<p>KAYSER\u0130\u2019de otomobille \u00e7arp\u0131\u015fan motosikletin s\u00fcr\u00fcc\u00fcs\u00fc Erciyes \u00dcniversitesi T\u0131p Fak\u00fcltesi \u00f6\u011frencisi Yaren Mercan (22), hayat\u0131n\u0131 kaybetti. Kaza an\u0131 g\u00fcvenlik&#8230;<\/p>\n","protected":false},"author":2,"featured_media":14132,"comment_status":"open","ping_status":"open","sticky":false,"template":"","format":"standard","meta":{"footnotes":""},"categories":[8,6,5],"tags":[],"class_list":["post-14133","post","type-post","status-publish","format-standard","has-post-thumbnail","hentry","category-arsiv","category-gundem","category-son-dakika"],"_links":{"self":[{"href":"https:\/\/eskigazeteci.com\/index.php?rest_route=\/wp\/v2\/posts\/14133","targetHints":{"allow":["GET"]}}],"collection":[{"href":"https:\/\/eskigazeteci.com\/index.php?rest_route=\/wp\/v2\/posts"}],"about":[{"href":"https:\/\/eskigazeteci.com\/index.php?rest_route=\/wp\/v2\/types\/post"}],"author":[{"embeddable":true,"href":"https:\/\/eskigazeteci.com\/index.php?rest_route=\/wp\/v2\/users\/2"}],"replies":[{"embeddable":true,"href":"https:\/\/eskigazeteci.com\/index.php?rest_route=%2Fwp%2Fv2%2Fcomments&post=14133"}],"version-history":[{"count":0,"href":"https:\/\/eskigazeteci.com\/index.php?rest_route=\/wp\/v2\/posts\/14133\/revisions"}],"wp:featuredmedia":[{"embeddable":true,"href":"https:\/\/eskigazeteci.com\/index.php?rest_route=\/wp\/v2\/media\/14132"}],"wp:attachment":[{"href":"https:\/\/eskigazeteci.com\/index.php?rest_route=%2Fwp%2Fv2%2Fmedia&parent=14133"}],"wp:term":[{"taxonomy":"category","embeddable":true,"href":"https:\/\/eskigazeteci.com\/index.php?rest_route=%2Fwp%2Fv2%2Fcategories&post=14133"},{"taxonomy":"post_tag","embeddable":true,"href":"https:\/\/eskigazeteci.com\/index.php?rest_route=%2Fwp%2Fv2%2Ftags&post=14133"}],"curies":[{"name":"wp","href":"https:\/\/api.w.org\/{rel}","templated":true}]}}