{"id":14131,"date":"2026-03-20T23:44:28","date_gmt":"2026-03-20T23:44:28","guid":{"rendered":"https:\/\/eskigazeteci.com\/?p=14131"},"modified":"2026-03-20T23:44:28","modified_gmt":"2026-03-20T23:44:28","slug":"iki-aile-arasindaki-kavga-facia-ile-bitti-3-kisi-oldu-22-kisi-yaralandi","status":"publish","type":"post","link":"https:\/\/eskigazeteci.com\/?p=14131","title":{"rendered":"\u0130ki aile aras\u0131ndaki kavga facia ile bitti: 3 ki\u015fi \u00f6ld\u00fc, 22 ki\u015fi yaraland\u0131"},"content":{"rendered":"<p>Al\u0131nan bilgiye g\u00f6re, Keskincik Mahallesi&#x27;nde iki aile aras\u0131nda \u00e7ocuklar y\u00fcz\u00fcnden tart\u0131\u015fma \u00e7\u0131kt\u0131.<\/p>\n<p>Tart\u0131\u015fma ailelerin yak\u0131nlar\u0131n\u0131n da kat\u0131l\u0131m\u0131yla silah, b\u0131\u00e7ak, ta\u015f ve sopan\u0131n kullan\u0131ld\u0131\u011f\u0131 kavgaya d\u00f6n\u00fc\u015ft\u00fc.<\/p>\n<p>Kavgada 1&#x27;i kad\u0131n 3 ki\u015fi hayat\u0131n\u0131 kaybetti, 22 ki\u015fi de yaraland\u0131. Yaral\u0131lar\u0131n tedavisi s\u00fcr\u00fcyor.<\/p>\n<p>Olayla ilgili 6 ki\u015fi g\u00f6zalt\u0131na al\u0131nd\u0131.<\/p>\n<p>T\u00fcrkiye g\u00fcndeminden son dakika haberleri, bug\u00fcn ya\u015fanan en son geli\u015fmeler, siyaset g\u00fcndeminden g\u00fcncel haberler ve b\u00fct\u00fcn son dakika haberleri i\u00e7in H\u00fcrriyet&#x27;in internet haber sitesi hurriyet.com.tr; Hurriyet.com.tr haber i\u00e7erikleri kaynak g\u00f6sterilmeden al\u0131nt\u0131 yap\u0131lamaz, Kanuna ayk\u0131r\u0131 ve izinsiz olarak kopyalanamaz, ba\u015fka yerde yay\u0131nlanamaz.<\/p>\n","protected":false},"excerpt":{"rendered":"<p>Hatay&#8217;\u0131n Alt\u0131n\u00f6z\u00fc il\u00e7esinde iki aile aras\u0131nda \u00e7\u0131kan kavgada 3 ki\u015fi hayat\u0131n\u0131 kaybetti, 22 ki\u015fi yaraland\u0131.<\/p>\n","protected":false},"author":2,"featured_media":14130,"comment_status":"open","ping_status":"open","sticky":false,"template":"","format":"standard","meta":{"footnotes":""},"categories":[8,6,5],"tags":[],"class_list":["post-14131","post","type-post","status-publish","format-standard","has-post-thumbnail","hentry","category-arsiv","category-gundem","category-son-dakika"],"_links":{"self":[{"href":"https:\/\/eskigazeteci.com\/index.php?rest_route=\/wp\/v2\/posts\/14131","targetHints":{"allow":["GET"]}}],"collection":[{"href":"https:\/\/eskigazeteci.com\/index.php?rest_route=\/wp\/v2\/posts"}],"about":[{"href":"https:\/\/eskigazeteci.com\/index.php?rest_route=\/wp\/v2\/types\/post"}],"author":[{"embeddable":true,"href":"https:\/\/eskigazeteci.com\/index.php?rest_route=\/wp\/v2\/users\/2"}],"replies":[{"embeddable":true,"href":"https:\/\/eskigazeteci.com\/index.php?rest_route=%2Fwp%2Fv2%2Fcomments&post=14131"}],"version-history":[{"count":0,"href":"https:\/\/eskigazeteci.com\/index.php?rest_route=\/wp\/v2\/posts\/14131\/revisions"}],"wp:featuredmedia":[{"embeddable":true,"href":"https:\/\/eskigazeteci.com\/index.php?rest_route=\/wp\/v2\/media\/14130"}],"wp:attachment":[{"href":"https:\/\/eskigazeteci.com\/index.php?rest_route=%2Fwp%2Fv2%2Fmedia&parent=14131"}],"wp:term":[{"taxonomy":"category","embeddable":true,"href":"https:\/\/eskigazeteci.com\/index.php?rest_route=%2Fwp%2Fv2%2Fcategories&post=14131"},{"taxonomy":"post_tag","embeddable":true,"href":"https:\/\/eskigazeteci.com\/index.php?rest_route=%2Fwp%2Fv2%2Ftags&post=14131"}],"curies":[{"name":"wp","href":"https:\/\/api.w.org\/{rel}","templated":true}]}}