{"id":1413,"date":"2026-02-12T08:42:41","date_gmt":"2026-02-12T08:42:41","guid":{"rendered":"https:\/\/eskigazeteci.com\/?p=1413"},"modified":"2026-02-12T08:42:41","modified_gmt":"2026-02-12T08:42:41","slug":"galatasaray-eyupsporu-konuk-edecek","status":"publish","type":"post","link":"https:\/\/eskigazeteci.com\/?p=1413","title":{"rendered":"Galatasaray Ey\u00fcpspor&#8217;u konuk edecek!"},"content":{"rendered":"<p>RAMS Park&#x27;ta yap\u0131lacak ma\u00e7 saat 20.00&#x27;de ba\u015flayacak.<\/p>\n<p>Sar\u0131-k\u0131rm\u0131z\u0131l\u0131 ekip, S\u00fcper Lig&#x27;de geride kalan 21 ma\u00e7l\u0131k d\u00f6nemde 16 galibiyet, 4 beraberlik ve 1 yenilgi ya\u015fad\u0131. Haftaya 52 puanla giren Galatasaray , en yak\u0131n takip\u00e7isi Fenerbah\u00e7e &#x27;nin 3 puan \u00f6n\u00fcnde liderlik koltu\u011funda oturuyor.<\/p>\n<p>Ey\u00fcpspor ise 4 galibiyet, 6 beraberlik ve 11 yenilgiyle 18 puan toplad\u0131. Eflatun-sar\u0131l\u0131 tak\u0131m, haftaya d\u00fc\u015fme hatt\u0131n\u0131n bir basamak \u00fcst\u00fcnde 15. s\u0131rada girdi.<\/p>\n<p>ABD\u00dcLKER\u0130M BARDAKCI SARI KART SINIRDA<\/p>\n<p>Galatasaray&#x27;da Abd\u00fclkerim Bardakc\u0131, sar\u0131 kart ceza s\u0131n\u0131r\u0131nda bulunuyor.<\/p>\n<p>Tecr\u00fcbeli savunma oyuncusu, yar\u0131nki ma\u00e7ta sar\u0131 kart g\u00f6rmesi durumunda 23. haftadaki Konyaspor m\u00fccadelesinde forma giyemeyecek.<\/p>\n<p>Sar\u0131-k\u0131rm\u0131z\u0131l\u0131 ekipte sakatl\u0131klar\u0131 bulunan Leroy Sane ile Arda \u00dcnyay&#x27;\u0131n durumlar\u0131 bug\u00fcnk\u00fc antrenman\u0131n ard\u0131ndan belli olacak.<\/p>\n<p>SONRASINDA UEFA \u015eAMP\u0130YONLAR L\u0130G\u0130&#x27;NDE KR\u0130T\u0130K MA\u00c7A \u00c7IKACAK<\/p>\n<p>Galatasaray, Ey\u00fcpspor ma\u00e7\u0131n\u0131n ard\u0131ndan UEFA \u015eampiyonlar Ligi play-off turunda Juventus&#x27;a konuk edecek.<\/p>\n<p>S\u00fcper Lig &#x27;de \u00fcst \u00fcste 3, toplamda 25. kez \u015fampiyon olan sar\u0131-k\u0131rm\u0131z\u0131l\u0131 tak\u0131m, do\u011frudan &quot;Devler Ligi&quot;nin 36 tak\u0131ml\u0131 lig etab\u0131nda m\u00fccadele etti. Bu etab\u0131 8 ma\u00e7ta 3 galibiyet, 1 beraberlik ve 4 yenilgiyle tamamlayarak 10 puan&#8230;<\/p>\n","protected":false},"excerpt":{"rendered":"<p>Galatasaray, S\u00fcper Lig&#8217;in 22. haftas\u0131nda yar\u0131n sahas\u0131nda Ey\u00fcpspor&#8217;u a\u011f\u0131rlayacak.<\/p>\n","protected":false},"author":2,"featured_media":1412,"comment_status":"open","ping_status":"open","sticky":false,"template":"","format":"standard","meta":{"footnotes":""},"categories":[8,5,7],"tags":[],"class_list":["post-1413","post","type-post","status-publish","format-standard","has-post-thumbnail","hentry","category-arsiv","category-son-dakika","category-spor"],"_links":{"self":[{"href":"https:\/\/eskigazeteci.com\/index.php?rest_route=\/wp\/v2\/posts\/1413","targetHints":{"allow":["GET"]}}],"collection":[{"href":"https:\/\/eskigazeteci.com\/index.php?rest_route=\/wp\/v2\/posts"}],"about":[{"href":"https:\/\/eskigazeteci.com\/index.php?rest_route=\/wp\/v2\/types\/post"}],"author":[{"embeddable":true,"href":"https:\/\/eskigazeteci.com\/index.php?rest_route=\/wp\/v2\/users\/2"}],"replies":[{"embeddable":true,"href":"https:\/\/eskigazeteci.com\/index.php?rest_route=%2Fwp%2Fv2%2Fcomments&post=1413"}],"version-history":[{"count":0,"href":"https:\/\/eskigazeteci.com\/index.php?rest_route=\/wp\/v2\/posts\/1413\/revisions"}],"wp:featuredmedia":[{"embeddable":true,"href":"https:\/\/eskigazeteci.com\/index.php?rest_route=\/wp\/v2\/media\/1412"}],"wp:attachment":[{"href":"https:\/\/eskigazeteci.com\/index.php?rest_route=%2Fwp%2Fv2%2Fmedia&parent=1413"}],"wp:term":[{"taxonomy":"category","embeddable":true,"href":"https:\/\/eskigazeteci.com\/index.php?rest_route=%2Fwp%2Fv2%2Fcategories&post=1413"},{"taxonomy":"post_tag","embeddable":true,"href":"https:\/\/eskigazeteci.com\/index.php?rest_route=%2Fwp%2Fv2%2Ftags&post=1413"}],"curies":[{"name":"wp","href":"https:\/\/api.w.org\/{rel}","templated":true}]}}