{"id":14123,"date":"2026-03-20T21:21:08","date_gmt":"2026-03-20T21:21:08","guid":{"rendered":"https:\/\/eskigazeteci.com\/?p=14123"},"modified":"2026-03-20T21:21:08","modified_gmt":"2026-03-20T21:21:08","slug":"sarunas-jasikevicius-ikinci-yarida-daha-fiziksel-oynadik","status":"publish","type":"post","link":"https:\/\/eskigazeteci.com\/?p=14123","title":{"rendered":"Sarunas Jasikevicius: &#8216;\u0130kinci yar\u0131da daha fiziksel oynad\u0131k&#8217;"},"content":{"rendered":"<p>Litvanyal\u0131 ba\u015fantren\u00f6r, \u00dclker Spor ve Etkinlik Salonu&#x27;ndaki kar\u015f\u0131la\u015fman\u0131n ard\u0131ndan d\u00fczenlenen bas\u0131n toplant\u0131s\u0131nda a\u00e7\u0131klamalarda bulundu.<\/p>\n<p>\u0130lk yar\u0131da iyi oynayamad\u0131klar\u0131n\u0131 anlatan Jasikevicius, &quot;Tak\u0131m\u0131m\u0131z\u0131 ve taraftar\u0131m\u0131z\u0131 tebrik ediyorum. Bir kez daha kapal\u0131 gi\u015fe ile kar\u015f\u0131la\u015fmak bizim i\u00e7in \u00e7ok olumluydu. B\u00f6yle ortamlarda her \u015feyinizi sahaya yans\u0131tmal\u0131s\u0131n\u0131z. Bunu ilk yar\u0131da yapamad\u0131k. Rakibimiz \u00fczerimizde bask\u0131 kurdu. Buna cevap vermekte zorland\u0131k. \u0130kinci yar\u0131da daha fiziksel oynad\u0131k. Oyunu daha iyi kontrol ettik. Kolay bir s\u00fcre\u00e7ten ge\u00e7miyoruz. Puan durumunda i\u015fler b\u00f6yle oldu\u011funda ba\u015fantren\u00f6r\u00fcn\u00fcz\u00fc dinlemek \u00e7ok da kolay olmuyor. Motivasyon anlam\u0131nda iyi oldu\u011fumuzu s\u00f6yleyemeyece\u011fim.&quot; ifadelerini kulland\u0131.<\/p>\n<p>\u0130kinci yar\u0131da rotasyonu k\u0131st\u0131klar\u0131n\u0131 belirten 50 ya\u015f\u0131ndaki ba\u015fantren\u00f6r, &quot;Hall&#x27;un yoklu\u011funda Wade Baldwin ve Talen Horton-Tucker \u00e7ok iyi performans g\u00f6steriyor. Bug\u00fcn rakip savunma, \u00fczerimizde \u00f6nemli bask\u0131 kurdu. \u0130stedi\u011fimiz performans\u0131 ortaya koyamad\u0131k. Ben elimden geldi\u011fince \u00e7ok say\u0131da \u00fcretken oyuncuyla sahada kalmaya \u00e7al\u0131\u015f\u0131yorum ama kadromuzda \u015fu anki durum itibar\u0131yla bu kolay olmuyor.&quot; \u015feklinde konu\u015ftu.<\/p>\n<p>\u0130lk iki periyotta toplam 29, \u00fc\u00e7\u00fcnc\u00fc \u00e7eyrekte ise 28 say\u0131 \u00fcretmeleriyle&#8230;<\/p>\n","protected":false},"excerpt":{"rendered":"<p>Basketbol Avrupa Ligi&#8217;nin (EuroLeague) 32. haftas\u0131nda a\u011f\u0131rlad\u0131\u011f\u0131 \u0130talyan temsilcisi EA7 Emporio Armani Milan&#8217;\u0131 79-75 yenen Fenerbah\u00e7e Beko&#8217;nun ba\u015fantren\u00f6r\u00fc&#8230;<\/p>\n","protected":false},"author":2,"featured_media":14122,"comment_status":"open","ping_status":"open","sticky":false,"template":"","format":"standard","meta":{"footnotes":""},"categories":[8,5,7],"tags":[],"class_list":["post-14123","post","type-post","status-publish","format-standard","has-post-thumbnail","hentry","category-arsiv","category-son-dakika","category-spor"],"_links":{"self":[{"href":"https:\/\/eskigazeteci.com\/index.php?rest_route=\/wp\/v2\/posts\/14123","targetHints":{"allow":["GET"]}}],"collection":[{"href":"https:\/\/eskigazeteci.com\/index.php?rest_route=\/wp\/v2\/posts"}],"about":[{"href":"https:\/\/eskigazeteci.com\/index.php?rest_route=\/wp\/v2\/types\/post"}],"author":[{"embeddable":true,"href":"https:\/\/eskigazeteci.com\/index.php?rest_route=\/wp\/v2\/users\/2"}],"replies":[{"embeddable":true,"href":"https:\/\/eskigazeteci.com\/index.php?rest_route=%2Fwp%2Fv2%2Fcomments&post=14123"}],"version-history":[{"count":0,"href":"https:\/\/eskigazeteci.com\/index.php?rest_route=\/wp\/v2\/posts\/14123\/revisions"}],"wp:featuredmedia":[{"embeddable":true,"href":"https:\/\/eskigazeteci.com\/index.php?rest_route=\/wp\/v2\/media\/14122"}],"wp:attachment":[{"href":"https:\/\/eskigazeteci.com\/index.php?rest_route=%2Fwp%2Fv2%2Fmedia&parent=14123"}],"wp:term":[{"taxonomy":"category","embeddable":true,"href":"https:\/\/eskigazeteci.com\/index.php?rest_route=%2Fwp%2Fv2%2Fcategories&post=14123"},{"taxonomy":"post_tag","embeddable":true,"href":"https:\/\/eskigazeteci.com\/index.php?rest_route=%2Fwp%2Fv2%2Ftags&post=14123"}],"curies":[{"name":"wp","href":"https:\/\/api.w.org\/{rel}","templated":true}]}}