{"id":14115,"date":"2026-03-20T21:14:50","date_gmt":"2026-03-20T21:14:50","guid":{"rendered":"https:\/\/eskigazeteci.com\/?p=14115"},"modified":"2026-03-20T21:14:50","modified_gmt":"2026-03-20T21:14:50","slug":"yeni-kusak-merakli-gecmisin-lezzetlerini-kesfetmek-istiyorlar","status":"publish","type":"post","link":"https:\/\/eskigazeteci.com\/?p=14115","title":{"rendered":"\u2018Yeni ku\u015fak merakl\u0131, ge\u00e7mi\u015fin lezzetlerini ke\u015ffetmek istiyorlar\u2019"},"content":{"rendered":"<p>Bayram denince akla ilk gelen \u015feylerden biri de reng\u00e2renk \u015fekerler ve lokumlar&#8230; \u00d6zellikle Ramazan Bayram\u0131 ve \u015feker \u00f6ylesine b\u00fct\u00fcnle\u015fir ki bir ad\u0131 da \u015eeker Bayram\u0131\u2019d\u0131r&#8230; Beyo\u011flu Bal\u0131k Pazar\u0131\u2019nda 1926\u2019dan beri ayn\u0131 d\u00fckk\u00e2nda \u00fcretim yapan \u00dc\u00e7 Y\u0131ld\u0131z \u015eekerleme, bu y\u0131l 100\u2019\u00fcnc\u00fc ya\u015f\u0131n\u0131 kutluyor. Bu k\u00f6kl\u00fc hik\u00e2yeyi, Feridun D\u00f6rtler ve yeni ku\u015fa\u011f\u0131 temsil eden Altu\u011f D\u00f6rtler\u2019le konu\u015ftuk. Feridun Bey eski bayramlar\u0131 anlat\u0131rken \u201cEskiden ramazan\u0131n bereketi, bir senenin bereketinden fazlayd\u0131\u201d diyor. Altu\u011f D\u00f6rtler\u2019e g\u00f6reyse bu i\u015fin s\u0131rr\u0131 hem gelene\u011fi korumak hem de de\u011fi\u015fen damak tad\u0131n\u0131 do\u011fru okumak&#8230;<\/p>\n<p>&#8211; \u00dc\u00e7 Y\u0131ld\u0131z \u015eekerleme hik\u00e2yesi nas\u0131l ba\u015fl\u0131yor?<\/p>\n<p>Feridun D\u00f6rtler: \u00dc\u00e7 gen\u00e7 adam; biri babam, biri \u00f6z amcam, di\u011feri de onlara \u00e7ok yak\u0131n olan H\u00fcseyin Amcam&#8230; 1926\u2019da Beyo\u011flu Bal\u0131k Pazar\u0131\u2019nda \u00dc\u00e7 Y\u0131ld\u0131z\u2019\u0131 a\u00e7m\u0131\u015flar. Bu d\u00fckk\u00e2n a\u00e7\u0131lmadan \u00f6nce de oras\u0131 bir \u015fekerci d\u00fckk\u00e2n\u0131ym\u0131\u015f. Sonra yollar\u0131na birlikte devam etmi\u015fler ama k\u0131sa s\u00fcre sonra ortakl\u0131ktan ayr\u0131lm\u0131\u015flar. Babam i\u015fletmenin sahibi olarak kalm\u0131\u015f, di\u011ferleriyse biri tezg\u00e2hta, biri imalathanede \u00e7al\u0131\u015fmaya ba\u015flam\u0131\u015f. \u00dc\u00e7 Y\u0131ld\u0131z\u2019\u0131n hik\u00e2yesi b\u00f6yle ba\u015flam\u0131\u015f.<\/p>\n<p>&#8211; Peki, siz nas\u0131l dahil oldunuz bu i\u015fe?<\/p>\n<p>Feridun D\u00f6rtler: \u0130lerleyen y\u0131llarda babam evlenmi\u015f; abim, ablam&#8230;<\/p>\n","protected":false},"excerpt":{"rendered":"<p>\u00dc\u00e7 Y\u0131ld\u0131z \u015eekerleme bu y\u0131l 100\u2019\u00fcnc\u00fc ya\u015f\u0131n\u0131 kutluyor. Neredeyse Cumhuriyet\u2019le ya\u015f\u0131t say\u0131labilecek bu k\u00f6kl\u00fc d\u00fckk\u00e2n\u0131n hik\u00e2yesini, 92 ya\u015f\u0131ndaki Feridun D\u00f6rtler&#8230;<\/p>\n","protected":false},"author":2,"featured_media":14114,"comment_status":"open","ping_status":"open","sticky":false,"template":"","format":"standard","meta":{"footnotes":""},"categories":[8,6,5],"tags":[],"class_list":["post-14115","post","type-post","status-publish","format-standard","has-post-thumbnail","hentry","category-arsiv","category-gundem","category-son-dakika"],"_links":{"self":[{"href":"https:\/\/eskigazeteci.com\/index.php?rest_route=\/wp\/v2\/posts\/14115","targetHints":{"allow":["GET"]}}],"collection":[{"href":"https:\/\/eskigazeteci.com\/index.php?rest_route=\/wp\/v2\/posts"}],"about":[{"href":"https:\/\/eskigazeteci.com\/index.php?rest_route=\/wp\/v2\/types\/post"}],"author":[{"embeddable":true,"href":"https:\/\/eskigazeteci.com\/index.php?rest_route=\/wp\/v2\/users\/2"}],"replies":[{"embeddable":true,"href":"https:\/\/eskigazeteci.com\/index.php?rest_route=%2Fwp%2Fv2%2Fcomments&post=14115"}],"version-history":[{"count":0,"href":"https:\/\/eskigazeteci.com\/index.php?rest_route=\/wp\/v2\/posts\/14115\/revisions"}],"wp:featuredmedia":[{"embeddable":true,"href":"https:\/\/eskigazeteci.com\/index.php?rest_route=\/wp\/v2\/media\/14114"}],"wp:attachment":[{"href":"https:\/\/eskigazeteci.com\/index.php?rest_route=%2Fwp%2Fv2%2Fmedia&parent=14115"}],"wp:term":[{"taxonomy":"category","embeddable":true,"href":"https:\/\/eskigazeteci.com\/index.php?rest_route=%2Fwp%2Fv2%2Fcategories&post=14115"},{"taxonomy":"post_tag","embeddable":true,"href":"https:\/\/eskigazeteci.com\/index.php?rest_route=%2Fwp%2Fv2%2Ftags&post=14115"}],"curies":[{"name":"wp","href":"https:\/\/api.w.org\/{rel}","templated":true}]}}