{"id":14113,"date":"2026-03-20T21:13:16","date_gmt":"2026-03-20T21:13:16","guid":{"rendered":"https:\/\/eskigazeteci.com\/?p=14113"},"modified":"2026-03-20T21:13:16","modified_gmt":"2026-03-20T21:13:16","slug":"djligin-dogasinda-bir-sov-tarafi-da-var","status":"publish","type":"post","link":"https:\/\/eskigazeteci.com\/?p=14113","title":{"rendered":"\u2018DJ\u2019li\u011fin do\u011fas\u0131nda bir \u015fov taraf\u0131 da var\u2019"},"content":{"rendered":"<p>Son d\u00f6nemde \u00e7ald\u0131\u011f\u0131 m\u00fczi\u011fin \u00f6n\u00fcne ge\u00e7en \u015fovuyla pop\u00fcler olan DJ\u2019lere daha s\u0131k rastlar hale geldik. D\u00fcnyada da \u00f6rnekleri \u00e7ok. Tabii bu tarz\u0131 ele\u015ftirenler de var. Ge\u00e7en y\u0131l bizde de en \u00e7ok dikkat \u00e7eken isimlerinden biri Meltem Hay\u0131rl\u0131 \u2019yd\u0131. 24 ya\u015f\u0131ndaki DJ sosyal medyada hem \u00e7ok ilgi g\u00f6rd\u00fc hem de ele\u015ftirildi. \u0130ddialara g\u00f6re DJ setini kullan\u0131r gibi yap\u0131yor ama asl\u0131nda haz\u0131r setleri \u00e7al\u0131yordu. \u00d6te yandan \u00e7ald\u0131\u011f\u0131 mek\u00e2nlardaysa bamba\u015fka bir atmosfer ya\u015fan\u0131yordu. O kabinde, gelenler de pistte \u00e7\u0131lg\u0131nca e\u011fleniyordu.<\/p>\n<p>Gen\u00e7 DJ negatif yorumlara ra\u011fmen onu dinlemeye gelenlerden de g\u00fc\u00e7 alarak yoluna devam etti. Art\u0131k sadece yurti\u00e7inde de\u011fil yurtd\u0131\u015f\u0131nda da kul\u00fcplerde \u00e7\u0131k\u0131yor. Essen\u2019den Bak\u00fc\u2019ye, Rotterdam\u2019dan Z\u00fcrih\u2019e bir\u00e7ok \u015fehirde ge\u00e7en y\u0131l 200\u2019e yak\u0131n performans ger\u00e7ekle\u015ftirdi. Bu arada bu y\u0131l\u0131n ba\u015f\u0131nda Salman Tin\u2019le (da\u011f\u0131lan K\u00d6FN grubunun \u00fcyesi) \u2018Zar Zor\u2019da i\u015fbirli\u011fi yapt\u0131, d\u00fcn Beg\u00fcm Yi\u011fit\u2019le \u2018Deniz \u00dcst\u00fc K\u00f6p\u00fcr\u00fcr\u2019 remiksini \u00e7\u0131kard\u0131. \u0130lk alb\u00fcm\u00fc de yolda. Hayali futbolcu olmakken bir arkada\u015f\u0131n\u0131n evinde g\u00f6rd\u00fc\u011f\u00fc DJ setup\u2019\u0131 sayesinde kariyeri bamba\u015fka bir y\u00f6nde ilerleyen Hay\u0131rl\u0131\u2019yla konu\u015ftuk.<\/p>\n<p>\u25ca Biz sizi DJ olarak tan\u0131d\u0131k. \u00d6ncesinde neler yap\u0131yordunuz?<\/p>\n<p>K\u00fc\u00e7\u00fckl\u00fc\u011f\u00fcmden beri hep hareketin i\u00e7indeydim&#8230;<\/p>\n","protected":false},"excerpt":{"rendered":"<p>\u00c7ald\u0131\u011f\u0131 kul\u00fcplerde gen\u00e7ler \u00e7\u0131lg\u0131nca e\u011flenirken sosyal medyada, DJ setindeki tu\u015flara basar gibi yapt\u0131\u011f\u0131 iddias\u0131yla lince u\u011fruyordu. Ama zaman Meltem&#8230;<\/p>\n","protected":false},"author":2,"featured_media":14112,"comment_status":"open","ping_status":"open","sticky":false,"template":"","format":"standard","meta":{"footnotes":""},"categories":[8,6,5],"tags":[],"class_list":["post-14113","post","type-post","status-publish","format-standard","has-post-thumbnail","hentry","category-arsiv","category-gundem","category-son-dakika"],"_links":{"self":[{"href":"https:\/\/eskigazeteci.com\/index.php?rest_route=\/wp\/v2\/posts\/14113","targetHints":{"allow":["GET"]}}],"collection":[{"href":"https:\/\/eskigazeteci.com\/index.php?rest_route=\/wp\/v2\/posts"}],"about":[{"href":"https:\/\/eskigazeteci.com\/index.php?rest_route=\/wp\/v2\/types\/post"}],"author":[{"embeddable":true,"href":"https:\/\/eskigazeteci.com\/index.php?rest_route=\/wp\/v2\/users\/2"}],"replies":[{"embeddable":true,"href":"https:\/\/eskigazeteci.com\/index.php?rest_route=%2Fwp%2Fv2%2Fcomments&post=14113"}],"version-history":[{"count":0,"href":"https:\/\/eskigazeteci.com\/index.php?rest_route=\/wp\/v2\/posts\/14113\/revisions"}],"wp:featuredmedia":[{"embeddable":true,"href":"https:\/\/eskigazeteci.com\/index.php?rest_route=\/wp\/v2\/media\/14112"}],"wp:attachment":[{"href":"https:\/\/eskigazeteci.com\/index.php?rest_route=%2Fwp%2Fv2%2Fmedia&parent=14113"}],"wp:term":[{"taxonomy":"category","embeddable":true,"href":"https:\/\/eskigazeteci.com\/index.php?rest_route=%2Fwp%2Fv2%2Fcategories&post=14113"},{"taxonomy":"post_tag","embeddable":true,"href":"https:\/\/eskigazeteci.com\/index.php?rest_route=%2Fwp%2Fv2%2Ftags&post=14113"}],"curies":[{"name":"wp","href":"https:\/\/api.w.org\/{rel}","templated":true}]}}