{"id":14109,"date":"2026-03-20T20:41:47","date_gmt":"2026-03-20T20:41:47","guid":{"rendered":"https:\/\/eskigazeteci.com\/?p=14109"},"modified":"2026-03-20T20:41:47","modified_gmt":"2026-03-20T20:41:47","slug":"nevruz-bayrami-ne-zaman-21-mart-resmi-tatil-oldu-mu","status":"publish","type":"post","link":"https:\/\/eskigazeteci.com\/?p=14109","title":{"rendered":"Nevruz Bayram\u0131 ne zaman? 21 Mart resmi tatil oldu mu?"},"content":{"rendered":"<p>Nevruz Bayram\u0131 resmi tatil olacak m\u0131 sorusu son geli\u015fmeler dolay\u0131s\u0131yla \u00f6ne \u00e7\u0131kan ba\u015fl\u0131klar aras\u0131nda yer al\u0131yor. Cumhurba\u015fkan\u0131 Erdo\u011fan ge\u00e7ti\u011fimiz y\u0131l, Nevruz G\u00fcn\u00fc Anma Program\u0131&#x27;ndaki konu\u015fmas\u0131nda &#x27;21 Mart&#x27;\u0131 bayram yapal\u0131m&#x27; ifadelerine yer vermi\u015fti. Konuyla ilgili olarak ilk ad\u0131m da at\u0131ld\u0131. AK Parti kanun teklifi verdi. Peki 21 Mart Nevruz G\u00fcn\u00fc resmi tatil mi olacak? \u0130\u015fte konuyla ilgili son geli\u015fmeler&#8230;<\/p>\n<p>AK Parti \u0130stanbul Milletvekili Serkan Bayram, 21 Mart&#x27;\u0131n, &quot;Nevruz G\u00fcn\u00fc Tatili&quot; ilan edilmesi i\u00e7in kanun teklifi verdi.<\/p>\n<p>Bayram, Meclis&#x27;te d\u00fczenledi\u011fi bas\u0131n toplant\u0131s\u0131nda, 21 Mart&#x27;ta gece ve g\u00fcnd\u00fcz\u00fcn e\u015fit oldu\u011funu anlatarak, \u015f\u00f6yle konu\u015ftu: &quot;B\u00fct\u00fcn d\u00fcnyada, T\u00fcrk devletlerinde, \u00fclkemizde, bir\u00e7ok halklar ve milletler taraf\u0131ndan kutlanan Nevruz Bayram\u0131&#x27;n\u0131n da bir g\u00fcn\u00fcd\u00fcr. Nevruz demek yeni bir g\u00fcn demektir. Nevruz demek yeniden do\u011fu\u015f demektir. Nevruz demek birlik, beraberlik, karde\u015flik demektir. Nevruz demek Ergenekon Destan\u0131 demektir. Bu ba\u011flant\u0131da, ben de hem \u0130stanbul Milletvekili olarak hem Birle\u015fmi\u015f Milletler Bar\u0131\u015f El\u00e7isi olarak hem Avrupa Ekonomik Senat\u00f6r\u00fc olarak, bug\u00fcn\u00fcn resmi bayram tatili ilan edilmesi noktas\u0131nda kanun teklifi verdim.&quot;<\/p>\n<p>Bayram, Meclis&#x27;te d\u00fczenledi\u011fi bas\u0131n&#8230;<\/p>\n","protected":false},"excerpt":{"rendered":"<p>21 Mart resmi tatil oldu mu sorusu son geli\u015fmelerle yak\u0131ndan takip ediliyor. Cumhurba\u015fkan\u0131 Recep Tayyip Erdo\u011fan, ge\u00e7ti\u011fimiz y\u0131l Nevruz kutlamalar\u0131nda &#8217;21&#8230;<\/p>\n","protected":false},"author":2,"featured_media":14108,"comment_status":"open","ping_status":"open","sticky":false,"template":"","format":"standard","meta":{"footnotes":""},"categories":[8,6,5],"tags":[],"class_list":["post-14109","post","type-post","status-publish","format-standard","has-post-thumbnail","hentry","category-arsiv","category-gundem","category-son-dakika"],"_links":{"self":[{"href":"https:\/\/eskigazeteci.com\/index.php?rest_route=\/wp\/v2\/posts\/14109","targetHints":{"allow":["GET"]}}],"collection":[{"href":"https:\/\/eskigazeteci.com\/index.php?rest_route=\/wp\/v2\/posts"}],"about":[{"href":"https:\/\/eskigazeteci.com\/index.php?rest_route=\/wp\/v2\/types\/post"}],"author":[{"embeddable":true,"href":"https:\/\/eskigazeteci.com\/index.php?rest_route=\/wp\/v2\/users\/2"}],"replies":[{"embeddable":true,"href":"https:\/\/eskigazeteci.com\/index.php?rest_route=%2Fwp%2Fv2%2Fcomments&post=14109"}],"version-history":[{"count":0,"href":"https:\/\/eskigazeteci.com\/index.php?rest_route=\/wp\/v2\/posts\/14109\/revisions"}],"wp:featuredmedia":[{"embeddable":true,"href":"https:\/\/eskigazeteci.com\/index.php?rest_route=\/wp\/v2\/media\/14108"}],"wp:attachment":[{"href":"https:\/\/eskigazeteci.com\/index.php?rest_route=%2Fwp%2Fv2%2Fmedia&parent=14109"}],"wp:term":[{"taxonomy":"category","embeddable":true,"href":"https:\/\/eskigazeteci.com\/index.php?rest_route=%2Fwp%2Fv2%2Fcategories&post=14109"},{"taxonomy":"post_tag","embeddable":true,"href":"https:\/\/eskigazeteci.com\/index.php?rest_route=%2Fwp%2Fv2%2Ftags&post=14109"}],"curies":[{"name":"wp","href":"https:\/\/api.w.org\/{rel}","templated":true}]}}