{"id":14107,"date":"2026-03-20T20:31:42","date_gmt":"2026-03-20T20:31:42","guid":{"rendered":"https:\/\/eskigazeteci.com\/?p=14107"},"modified":"2026-03-20T20:31:42","modified_gmt":"2026-03-20T20:31:42","slug":"ses-sistemi-cezasi-son-dakika-2026-ses-sistemi-bulundurma-cezasi-kalkti-mi-ertelendi-mi","status":"publish","type":"post","link":"https:\/\/eskigazeteci.com\/?p=14107","title":{"rendered":"SES S\u0130STEM\u0130 CEZASI SON DAK\u0130KA: 2026 ses sistemi bulundurma cezas\u0131 kalkt\u0131 m\u0131, ertelendi mi?"},"content":{"rendered":"<p>\u0130\u00e7i\u015fleri Bakan\u0131 Mustafa \u00c7ift\u00e7i&#x27;nin talimat\u0131yla, ara\u00e7lara sonradan tak\u0131lan (fabrikasyon olmayan) multimedya ekranlar, ses sistemleri ve g\u00f6r\u00fcnt\u00fc cihazlar\u0131na y\u00f6nelik cezai i\u015flemler ge\u00e7ici olarak durduruldu. Bakanl\u0131k, s\u00fcr\u00fcc\u00fclerin ma\u011fduriyet ya\u015famamas\u0131 ad\u0131na 1 Nisan 2026 tarihine kadar bir &quot;uyar\u0131 ve ge\u00e7i\u015f d\u00f6nemi&quot; belirlendi\u011fini duyurdu. Bu tarihe kadar denetimlerde ceza kesilmeyecek, ancak s\u00fcr\u00fcc\u00fcler sistemlerini s\u00f6kmeleri veya standartlara uygun hale getirmeleri konusunda uyar\u0131lacak.<\/p>\n<p>Edinilen bilgilere g\u00f6re, d\u00fczenlemenin y\u00fcr\u00fcrl\u00fc\u011fe girdi\u011fi 27 \u015eubat tarihinden bug\u00fcne kadar multimedya ve ses sistemi nedeniyle kesilen trafik cezalar\u0131n\u0131n iptal edilmesi g\u00fcndemde. Baz\u0131 emniyet kaynaklar\u0131, bu s\u00fcre\u00e7te kesilen cezalar\u0131n geri \u00e7ekilmesi i\u00e7in \u00e7al\u0131\u015fma ba\u015flat\u0131ld\u0131\u011f\u0131n\u0131 do\u011frulad\u0131. Yeni bir y\u00f6netmelik ile hangi cihazlar\u0131n &quot;standart d\u0131\u015f\u0131&quot; say\u0131laca\u011f\u0131na dair detayl\u0131 bir k\u0131lavuz yay\u0131mlanmas\u0131 bekleniyor.<\/p>\n<p>Edinilen bilgilere g\u00f6re, d\u00fczenlemenin y\u00fcr\u00fcrl\u00fc\u011fe girdi\u011fi 27 \u015eubat tarihinden bug\u00fcne kadar multimedya ve ses sistemi nedeniyle kesilen trafik cezalar\u0131n\u0131n iptal edilmesi g\u00fcndemde. Baz\u0131 emniyet kaynaklar\u0131, bu s\u00fcre\u00e7te kesilen cezalar\u0131n geri \u00e7ekilmesi i\u00e7in \u00e7al\u0131\u015fma ba\u015flat\u0131ld\u0131\u011f\u0131n\u0131 do\u011frulad\u0131. Yeni bir y\u00f6netmelik ile&#8230;<\/p>\n","protected":false},"excerpt":{"rendered":"<p>T\u00fcrkiye g\u00fcndemini sarsan ara\u00e7larda ses ve g\u00f6r\u00fcnt\u00fc sistemi bulundurma cezas\u0131 ile ilgili \u0130\u00e7i\u015fleri Bakanl\u0131\u011f\u0131&#8217;ndan kritik bir son dakika a\u00e7\u0131klamas\u0131 geldi. 27&#8230;<\/p>\n","protected":false},"author":2,"featured_media":14106,"comment_status":"open","ping_status":"open","sticky":false,"template":"","format":"standard","meta":{"footnotes":""},"categories":[8,6,5],"tags":[],"class_list":["post-14107","post","type-post","status-publish","format-standard","has-post-thumbnail","hentry","category-arsiv","category-gundem","category-son-dakika"],"_links":{"self":[{"href":"https:\/\/eskigazeteci.com\/index.php?rest_route=\/wp\/v2\/posts\/14107","targetHints":{"allow":["GET"]}}],"collection":[{"href":"https:\/\/eskigazeteci.com\/index.php?rest_route=\/wp\/v2\/posts"}],"about":[{"href":"https:\/\/eskigazeteci.com\/index.php?rest_route=\/wp\/v2\/types\/post"}],"author":[{"embeddable":true,"href":"https:\/\/eskigazeteci.com\/index.php?rest_route=\/wp\/v2\/users\/2"}],"replies":[{"embeddable":true,"href":"https:\/\/eskigazeteci.com\/index.php?rest_route=%2Fwp%2Fv2%2Fcomments&post=14107"}],"version-history":[{"count":0,"href":"https:\/\/eskigazeteci.com\/index.php?rest_route=\/wp\/v2\/posts\/14107\/revisions"}],"wp:featuredmedia":[{"embeddable":true,"href":"https:\/\/eskigazeteci.com\/index.php?rest_route=\/wp\/v2\/media\/14106"}],"wp:attachment":[{"href":"https:\/\/eskigazeteci.com\/index.php?rest_route=%2Fwp%2Fv2%2Fmedia&parent=14107"}],"wp:term":[{"taxonomy":"category","embeddable":true,"href":"https:\/\/eskigazeteci.com\/index.php?rest_route=%2Fwp%2Fv2%2Fcategories&post=14107"},{"taxonomy":"post_tag","embeddable":true,"href":"https:\/\/eskigazeteci.com\/index.php?rest_route=%2Fwp%2Fv2%2Ftags&post=14107"}],"curies":[{"name":"wp","href":"https:\/\/api.w.org\/{rel}","templated":true}]}}