{"id":14099,"date":"2026-03-20T19:53:48","date_gmt":"2026-03-20T19:53:48","guid":{"rendered":"https:\/\/eskigazeteci.com\/?p=14099"},"modified":"2026-03-20T19:53:48","modified_gmt":"2026-03-20T19:53:48","slug":"dunyanin-gozu-stratcom-zirvesinde-liderler-istanbulda-bir-araya-gelecek","status":"publish","type":"post","link":"https:\/\/eskigazeteci.com\/?p=14099","title":{"rendered":"D\u00fcnyan\u0131n g\u00f6z\u00fc STRATCOM Zirvesi&#8217;nde&#8230; Liderler \u0130stanbul\u2019da bir araya gelecek"},"content":{"rendered":"<p>\u0130leti\u015fim Ba\u015fkanl\u0131\u011f\u0131 sanal medya hesab\u0131ndan yap\u0131lan payla\u015f\u0131mda, \u201c D\u00fcnya liderleri , diplomatlar ve uzmanlar, Cumhurba\u015fkanl\u0131\u011f\u0131 \u0130leti\u015fim Ba\u015fkanl\u0131\u011f\u0131m\u0131z taraf\u0131ndan d\u00fczenlenen STRATCOM Zirvesi kapsam\u0131nda \u0130stanbul\u2019da bir araya gelecek. Zirve, jeopolitik gerilimlerin artt\u0131\u011f\u0131 ve k\u00fcresel krizlerin h\u0131zla geli\u015fti\u011fi bir d\u00f6nemde, 27\u201328 Mart 2026 tarihlerinde ger\u00e7ekle\u015ftirilecek. \u0130ki g\u00fcn s\u00fcrecek etkinlik, devlet ba\u015fkanlar\u0131, bakanlar, politika yap\u0131c\u0131lar ve \u00f6nde gelen akademisyenleri bir araya getirerek uluslararas\u0131 d\u00fczenin gelece\u011fi, stratejik ileti\u015fim ve k\u00fcresel krizlerin y\u00f6netimi konular\u0131n\u0131 ele almay\u0131 ama\u00e7l\u0131yor\u201d ifadeleri kullan\u0131ld\u0131.<\/p>\n<p>\u2018L\u0130DERL\u0130K D\u0130PLOMAS\u0130S\u0130 VE ARABULUCULUK KONULARI ELE ALINACAK\u2019<\/p>\n<p>A\u00e7\u0131klamada, zirvenin Cumhurba\u015fkan\u0131 Yard\u0131mc\u0131s\u0131 Cevdet Y\u0131lmaz ve D\u0131\u015fi\u015fleri Bakan\u0131 Hakan Fidan\u2019\u0131n yan\u0131 s\u0131ra \u00e7ok say\u0131da \u00fcst d\u00fczey diplomat\u0131n kat\u0131laca\u011f\u0131 a\u00e7\u0131l\u0131\u015f oturumuyla ba\u015flayaca\u011f\u0131 belirtilerek, \u201c\u0130lk g\u00fcn, stratejik ileti\u015fimin de\u011fi\u015fen k\u00fcresel d\u00fczeni nas\u0131l \u015fekillendirdi\u011fine odaklanacak. \u2018K\u00fcresel D\u00fczenin Yeni \u00c7er\u00e7evesi\u2019 ba\u015fl\u0131kl\u0131 paneli T\u00fcrk Devletleri Te\u015fkilat\u0131 Genel Sekreteri Kuban\u0131\u00e7bek \u00d6m\u00fcraliyev y\u00f6netecek. Oturumda Azerbaycan, Suriye, Banglade\u015f ve Kuzey K\u0131br\u0131s T\u00fcrk Cumhuriyeti\u2019nden temsilciler, de\u011fi\u015fen g\u00fc\u00e7&#8230;<\/p>\n","protected":false},"excerpt":{"rendered":"<p>CUMHURBA\u015eKANLI\u011eI \u0130leti\u015fim Ba\u015fkanl\u0131\u011f\u0131 taraf\u0131ndan 27\u201328 Mart 2026 tarihlerinde \u0130stanbul\u2019da ger\u00e7ekle\u015ftirilecek \u2018STRATCOM Zirvesi\u2019nde d\u00fcnya liderleri,&#8230;<\/p>\n","protected":false},"author":2,"featured_media":14098,"comment_status":"open","ping_status":"open","sticky":false,"template":"","format":"standard","meta":{"footnotes":""},"categories":[8,1],"tags":[],"class_list":["post-14099","post","type-post","status-publish","format-standard","has-post-thumbnail","hentry","category-arsiv","category-uncategorized"],"_links":{"self":[{"href":"https:\/\/eskigazeteci.com\/index.php?rest_route=\/wp\/v2\/posts\/14099","targetHints":{"allow":["GET"]}}],"collection":[{"href":"https:\/\/eskigazeteci.com\/index.php?rest_route=\/wp\/v2\/posts"}],"about":[{"href":"https:\/\/eskigazeteci.com\/index.php?rest_route=\/wp\/v2\/types\/post"}],"author":[{"embeddable":true,"href":"https:\/\/eskigazeteci.com\/index.php?rest_route=\/wp\/v2\/users\/2"}],"replies":[{"embeddable":true,"href":"https:\/\/eskigazeteci.com\/index.php?rest_route=%2Fwp%2Fv2%2Fcomments&post=14099"}],"version-history":[{"count":0,"href":"https:\/\/eskigazeteci.com\/index.php?rest_route=\/wp\/v2\/posts\/14099\/revisions"}],"wp:featuredmedia":[{"embeddable":true,"href":"https:\/\/eskigazeteci.com\/index.php?rest_route=\/wp\/v2\/media\/14098"}],"wp:attachment":[{"href":"https:\/\/eskigazeteci.com\/index.php?rest_route=%2Fwp%2Fv2%2Fmedia&parent=14099"}],"wp:term":[{"taxonomy":"category","embeddable":true,"href":"https:\/\/eskigazeteci.com\/index.php?rest_route=%2Fwp%2Fv2%2Fcategories&post=14099"},{"taxonomy":"post_tag","embeddable":true,"href":"https:\/\/eskigazeteci.com\/index.php?rest_route=%2Fwp%2Fv2%2Ftags&post=14099"}],"curies":[{"name":"wp","href":"https:\/\/api.w.org\/{rel}","templated":true}]}}