{"id":14095,"date":"2026-03-20T18:51:33","date_gmt":"2026-03-20T18:51:33","guid":{"rendered":"https:\/\/eskigazeteci.com\/?p=14095"},"modified":"2026-03-20T18:51:33","modified_gmt":"2026-03-20T18:51:33","slug":"galatasaray-cephesinden-liverpoola-tepki-ozur-bile-dilemediler-pesini-birkamayacagiz","status":"publish","type":"post","link":"https:\/\/eskigazeteci.com\/?p=14095","title":{"rendered":"Galatasaray cephesinden Liverpool&#8217;a tepki: &#8216;\u00d6z\u00fcr bile dilemediler, pe\u015fini b\u0131rkamayaca\u011f\u0131z&#8217;"},"content":{"rendered":"<p>Galatasaray , UEFA \u015eampiyonlar Ligi Son 16 Turu r\u00f6van\u015f ma\u00e7\u0131nda Liverpool&#x27;a deplasmanda 4-0 ma\u011flup olurken Noa Lang talihsiz bir sakatl\u0131k ya\u015fad\u0131. Victor Osimhen&#x27;in ise Konate ile girdi\u011fi m\u00fccadele sonras\u0131 kolu k\u0131r\u0131lm\u0131\u015ft\u0131.<\/p>\n<p>G\u00fcn i\u00e7erisinde \u0130ngiliz kul\u00fcb\u00fcnden yap\u0131lan a\u00e7\u0131klamada Konate&#x27;nin sosyal medyada \u0131rk\u00e7\u0131 tacize u\u011frad\u0131\u011f\u0131 iddia edilmi\u015fti.<\/p>\n<p>ERAY YAZGAN&#x27;DAN YANIT<\/p>\n<p>Eray Yazgan, A Spor &#x27;a konu\u015farak Premier Lig ekibini sert bir dille ele\u015ftirdi. Yazgan \u015fu ifadeleri kulland\u0131:<\/p>\n<p>Liverpool taraf\u0131ndan kul\u00fcb\u00fcm\u00fcze veya oyuncumuza y\u00f6nelik tek bir \u00f6z\u00fcr dahi yap\u0131lmad\u0131. Bu kabul edilemez. Bu suskunluk ve sorumlulu\u011fu g\u00f6rmezden gelmek olay\u0131n \u00fczerini \u00f6rtme \u00e7abas\u0131d\u0131r.<\/p>\n<p>Liverpool \u00f6z\u00fcr bile dememi\u015fken, bir de bunun \u00fcst\u00fcne kendi oyuncular\u0131 Konate&#x27;ye y\u00f6nelik sosyal medyada yap\u0131ld\u0131\u011f\u0131n\u0131 iddia ettikleri hayali s\u00f6ylemleri g\u00fcndeme ta\u015f\u0131yarak, konuyu farkl\u0131 bir y\u00f6ne \u00e7ekmeye \u00e7al\u0131\u015ft\u0131klar\u0131n\u0131 g\u00f6r\u00fcyoruz. Ortada oyuncu sa\u011fl\u0131\u011f\u0131n\u0131 tehdit eden ciddi bir durum varken, Liverpool g\u00fcndem de\u011fi\u015ftirmeye \u00e7al\u0131\u015f\u0131yor. Biz bu i\u015fin pe\u015fini b\u0131rakmayaca\u011f\u0131z.<\/p>\n<p>T\u00fcrkiye&#x27;den ve D\u00fcnya\u2019dan son dakika haberleri, k\u00f6\u015fe yaz\u0131lar\u0131, magazinden siyasete, spordan seyahate b\u00fct\u00fcn konular\u0131n tek adresi Hurriyet.com.tr haber i\u00e7erikleri izin al\u0131nmadan, kaynak&#8230;<\/p>\n","protected":false},"excerpt":{"rendered":"<p>Galatasaray Genel Sekreteri Eray Yazgan, Liverpool&#8217;un yapt\u0131\u011f\u0131 a\u00e7\u0131klamaya yan\u0131t verdi Lang i\u00e7in \u00f6z\u00fcr dilenmemesi sebebiyle \u0130ngiliz kul\u00fcb\u00fcn\u00fc sert dille ele\u015ftirdi.<\/p>\n","protected":false},"author":2,"featured_media":14094,"comment_status":"open","ping_status":"open","sticky":false,"template":"","format":"standard","meta":{"footnotes":""},"categories":[8,5,7],"tags":[],"class_list":["post-14095","post","type-post","status-publish","format-standard","has-post-thumbnail","hentry","category-arsiv","category-son-dakika","category-spor"],"_links":{"self":[{"href":"https:\/\/eskigazeteci.com\/index.php?rest_route=\/wp\/v2\/posts\/14095","targetHints":{"allow":["GET"]}}],"collection":[{"href":"https:\/\/eskigazeteci.com\/index.php?rest_route=\/wp\/v2\/posts"}],"about":[{"href":"https:\/\/eskigazeteci.com\/index.php?rest_route=\/wp\/v2\/types\/post"}],"author":[{"embeddable":true,"href":"https:\/\/eskigazeteci.com\/index.php?rest_route=\/wp\/v2\/users\/2"}],"replies":[{"embeddable":true,"href":"https:\/\/eskigazeteci.com\/index.php?rest_route=%2Fwp%2Fv2%2Fcomments&post=14095"}],"version-history":[{"count":0,"href":"https:\/\/eskigazeteci.com\/index.php?rest_route=\/wp\/v2\/posts\/14095\/revisions"}],"wp:featuredmedia":[{"embeddable":true,"href":"https:\/\/eskigazeteci.com\/index.php?rest_route=\/wp\/v2\/media\/14094"}],"wp:attachment":[{"href":"https:\/\/eskigazeteci.com\/index.php?rest_route=%2Fwp%2Fv2%2Fmedia&parent=14095"}],"wp:term":[{"taxonomy":"category","embeddable":true,"href":"https:\/\/eskigazeteci.com\/index.php?rest_route=%2Fwp%2Fv2%2Fcategories&post=14095"},{"taxonomy":"post_tag","embeddable":true,"href":"https:\/\/eskigazeteci.com\/index.php?rest_route=%2Fwp%2Fv2%2Ftags&post=14095"}],"curies":[{"name":"wp","href":"https:\/\/api.w.org\/{rel}","templated":true}]}}