{"id":14091,"date":"2026-03-20T18:23:04","date_gmt":"2026-03-20T18:23:04","guid":{"rendered":"https:\/\/eskigazeteci.com\/?p=14091"},"modified":"2026-03-20T18:23:04","modified_gmt":"2026-03-20T18:23:04","slug":"ak-parti-teskilati-ala-ve-varankin-katildigi-toplantida-bayramlasti","status":"publish","type":"post","link":"https:\/\/eskigazeteci.com\/?p=14091","title":{"rendered":"AK Parti te\u015fkilat\u0131, Ala ve Varank\u2019\u0131n kat\u0131ld\u0131\u011f\u0131 toplant\u0131da bayramla\u015ft\u0131"},"content":{"rendered":"<p>AK Parti Bursa \u0130l Ba\u015fkanl\u0131\u011f\u0131\u2019n\u0131n bayramla\u015fma t\u00f6reni Merinos Atat\u00fcrk Kongre ve K\u00fclt\u00fcr Merkezi\u2019nde yo\u011fun kat\u0131l\u0131mla ger\u00e7ekle\u015ftirildi. T\u00f6rene AK Parti Genel Ba\u015fkan Vekili Efkan Ala, TBMM Sanayi, Ticaret, Enerji, Tabii Kaynaklar, Bilgi ve Teknoloji Komisyonu Ba\u015fkan\u0131 ve AK Parti Bursa Milletvekili Mustafa Varank, AK Parti Bursa \u0130l Ba\u015fkan\u0131 Davut G\u00fcrkan, AK Parti Bursa milletvekilleri, Y\u0131ld\u0131r\u0131m Belediye Ba\u015fkan\u0131 Oktay Y\u0131lmaz, Yeni\u015fehir Belediye Ba\u015fkan\u0131 Ercan \u00d6zel, Kestel Belediye Ba\u015fkan\u0131 Ferhat Erol ve partililer kat\u0131ld\u0131.<\/p>\n<p>\u2018KURALLARIN YERLE B\u0130R ED\u0130LD\u0130\u011e\u0130 B\u0130R CO\u011eRAFYA G\u00d6R\u00dcYORUZ\u2019<\/p>\n<p>T\u00f6rende konu\u015fan Efkan Ala , d\u00fcnyan\u0131n kurals\u0131zl\u0131k d\u00f6nemine girdi\u011fini belirterek, \u201c\u00d6ng\u00f6r\u00fclemezlik politika oldu. Hi\u00e7bir kural tan\u0131nm\u0131yor. G\u00fcc\u00fc olan, hi\u00e7bir adalet duygusuna sahip olmadan, g\u00fcc\u00fcn kurallar\u0131 belirleyece\u011fi bir d\u00fcnya in\u015fa etmeye \u00e7al\u0131\u015f\u0131yor. Kurallar\u0131n, adaletin g\u00fcc\u00fc s\u0131n\u0131rland\u0131rd\u0131\u011f\u0131 y\u00f6nlendirdi\u011fi bir d\u00fcnyaya \u2018Elveda\u2019 diyor insanl\u0131k. B\u00fcy\u00fck sorunlar ya\u015fan\u0131yor. Bunlar\u0131n en \u00f6nemli k\u0131s\u0131mlar\u0131 da b\u00f6lgemizde ya\u015fan\u0131yor. B\u00f6lgemizde g\u00fcc\u00fc eline ge\u00e7irdi\u011fini d\u00fc\u015f\u00fcnen k\u00fcresel akt\u00f6rler ve yerel b\u00f6lgedeki akt\u00f6rler bir arada sald\u0131r\u0131y\u0131 bir sorun \u00e7\u00f6zme y\u00f6ntemi olarak d\u00fcnyaya tan\u0131tmaya \u00e7al\u0131\u015f\u0131yorlar ve hi\u00e7bir kural yok. Gazze\u2019de&#8230;<\/p>\n","protected":false},"excerpt":{"rendered":"<p>AK Parti Bursa Te\u015fkilat\u0131, Genel Ba\u015fkan Vekili Efkan Ala ve AK Parti Bursa Milletvekili Mustafa Varank\u2019\u0131n kat\u0131ld\u0131\u011f\u0131 toplant\u0131yla partililerle bayramla\u015ft\u0131.<\/p>\n","protected":false},"author":2,"featured_media":14090,"comment_status":"open","ping_status":"open","sticky":false,"template":"","format":"standard","meta":{"footnotes":""},"categories":[8,6,5],"tags":[],"class_list":["post-14091","post","type-post","status-publish","format-standard","has-post-thumbnail","hentry","category-arsiv","category-gundem","category-son-dakika"],"_links":{"self":[{"href":"https:\/\/eskigazeteci.com\/index.php?rest_route=\/wp\/v2\/posts\/14091","targetHints":{"allow":["GET"]}}],"collection":[{"href":"https:\/\/eskigazeteci.com\/index.php?rest_route=\/wp\/v2\/posts"}],"about":[{"href":"https:\/\/eskigazeteci.com\/index.php?rest_route=\/wp\/v2\/types\/post"}],"author":[{"embeddable":true,"href":"https:\/\/eskigazeteci.com\/index.php?rest_route=\/wp\/v2\/users\/2"}],"replies":[{"embeddable":true,"href":"https:\/\/eskigazeteci.com\/index.php?rest_route=%2Fwp%2Fv2%2Fcomments&post=14091"}],"version-history":[{"count":0,"href":"https:\/\/eskigazeteci.com\/index.php?rest_route=\/wp\/v2\/posts\/14091\/revisions"}],"wp:featuredmedia":[{"embeddable":true,"href":"https:\/\/eskigazeteci.com\/index.php?rest_route=\/wp\/v2\/media\/14090"}],"wp:attachment":[{"href":"https:\/\/eskigazeteci.com\/index.php?rest_route=%2Fwp%2Fv2%2Fmedia&parent=14091"}],"wp:term":[{"taxonomy":"category","embeddable":true,"href":"https:\/\/eskigazeteci.com\/index.php?rest_route=%2Fwp%2Fv2%2Fcategories&post=14091"},{"taxonomy":"post_tag","embeddable":true,"href":"https:\/\/eskigazeteci.com\/index.php?rest_route=%2Fwp%2Fv2%2Ftags&post=14091"}],"curies":[{"name":"wp","href":"https:\/\/api.w.org\/{rel}","templated":true}]}}