{"id":14087,"date":"2026-03-20T18:11:32","date_gmt":"2026-03-20T18:11:32","guid":{"rendered":"https:\/\/eskigazeteci.com\/?p=14087"},"modified":"2026-03-20T18:11:32","modified_gmt":"2026-03-20T18:11:32","slug":"arabada-telefon-tutucu-yasak-mi-bakanliktan-aciklama","status":"publish","type":"post","link":"https:\/\/eskigazeteci.com\/?p=14087","title":{"rendered":"Arabada telefon tutucu yasak m\u0131? Bakanl\u0131ktan a\u00e7\u0131klama"},"content":{"rendered":"<p>\u0130\u00e7i\u015fleri Bakanl\u0131\u011f\u0131 kaynaklar\u0131ndan edinilen bilgilere g\u00f6re, ara\u00e7lardaki telefon tutucular\u0131n g\u00f6r\u00fc\u015f\u00fc engelledi\u011fi gerek\u00e7esiyle ceza kesilece\u011fi y\u00f6n\u00fcndeki haberlerin ger\u00e7e\u011fi yans\u0131tmad\u0131\u011f\u0131 belirtildi . Bakanl\u0131k yetkilileri, vatanda\u015flar\u0131n bakanl\u0131k d\u0131\u015f\u0131ndaki spek\u00fclasyonlara itibar etmemesi gerekti\u011fini vurgulad\u0131.<\/p>\n<p>Sosyal medyada dola\u015fan haberlerde, navigasyon ve telefon g\u00f6r\u00fc\u015fmeleri i\u00e7in kullan\u0131lan ara\u00e7 i\u00e7i telefon tutacaklar\u0131n\u0131n yasakland\u0131\u011f\u0131 ve 21 bin TL&#x27;ye varan para cezalar\u0131 ile ara\u00e7 ba\u011flama gibi yapt\u0131r\u0131mlar\u0131n uygulanaca\u011f\u0131 \u00f6ne s\u00fcr\u00fcl\u00fcyordu. Ancak \u0130\u00e7i\u015fleri Bakanl\u0131\u011f\u0131 \u0130leti\u015fim Sorumlusu Hasan \u00d6ymez&#x27;in a\u00e7\u0131klamalar\u0131yla bu iddialar\u0131n as\u0131ls\u0131z oldu\u011fu ortaya \u00e7\u0131kt\u0131.<\/p>\n<p>Sosyal medyada dola\u015fan haberlerde, navigasyon ve telefon g\u00f6r\u00fc\u015fmeleri i\u00e7in kullan\u0131lan ara\u00e7 i\u00e7i telefon tutacaklar\u0131n\u0131n yasakland\u0131\u011f\u0131 ve 21 bin TL&#x27;ye varan para cezalar\u0131 ile ara\u00e7 ba\u011flama gibi yapt\u0131r\u0131mlar\u0131n uygulanaca\u011f\u0131 \u00f6ne s\u00fcr\u00fcl\u00fcyordu. Ancak \u0130\u00e7i\u015fleri Bakanl\u0131\u011f\u0131 \u0130leti\u015fim Sorumlusu Hasan \u00d6ymez&#x27;in a\u00e7\u0131klamalar\u0131yla bu iddialar\u0131n as\u0131ls\u0131z oldu\u011fu ortaya \u00e7\u0131kt\u0131.<\/p>\n<p>Bakanl\u0131k kaynaklar\u0131, \u0130\u00e7i\u015fleri Bakan\u0131 Say\u0131n Mustafa \u00c7ift\u00e7i\u2019nin talimat\u0131yla uygulama y\u00f6netmeli\u011fi haz\u0131rl\u0131klar\u0131n\u0131n devam etti\u011fini ancak mevcut durumda telefon tutucularla ilgili herhangi bir&#8230;<\/p>\n","protected":false},"excerpt":{"rendered":"<p>Son g\u00fcnlerde sosyal medyada ve \u00e7e\u015fitli haber platformlar\u0131nda h\u0131zla yay\u0131lan, ara\u00e7 i\u00e7i telefon tutucular\u0131n\u0131n yasakland\u0131\u011f\u0131 ve bu kurala uymayan s\u00fcr\u00fcc\u00fclere a\u011f\u0131r&#8230;<\/p>\n","protected":false},"author":2,"featured_media":14086,"comment_status":"open","ping_status":"open","sticky":false,"template":"","format":"standard","meta":{"footnotes":""},"categories":[8,6,5],"tags":[],"class_list":["post-14087","post","type-post","status-publish","format-standard","has-post-thumbnail","hentry","category-arsiv","category-gundem","category-son-dakika"],"_links":{"self":[{"href":"https:\/\/eskigazeteci.com\/index.php?rest_route=\/wp\/v2\/posts\/14087","targetHints":{"allow":["GET"]}}],"collection":[{"href":"https:\/\/eskigazeteci.com\/index.php?rest_route=\/wp\/v2\/posts"}],"about":[{"href":"https:\/\/eskigazeteci.com\/index.php?rest_route=\/wp\/v2\/types\/post"}],"author":[{"embeddable":true,"href":"https:\/\/eskigazeteci.com\/index.php?rest_route=\/wp\/v2\/users\/2"}],"replies":[{"embeddable":true,"href":"https:\/\/eskigazeteci.com\/index.php?rest_route=%2Fwp%2Fv2%2Fcomments&post=14087"}],"version-history":[{"count":0,"href":"https:\/\/eskigazeteci.com\/index.php?rest_route=\/wp\/v2\/posts\/14087\/revisions"}],"wp:featuredmedia":[{"embeddable":true,"href":"https:\/\/eskigazeteci.com\/index.php?rest_route=\/wp\/v2\/media\/14086"}],"wp:attachment":[{"href":"https:\/\/eskigazeteci.com\/index.php?rest_route=%2Fwp%2Fv2%2Fmedia&parent=14087"}],"wp:term":[{"taxonomy":"category","embeddable":true,"href":"https:\/\/eskigazeteci.com\/index.php?rest_route=%2Fwp%2Fv2%2Fcategories&post=14087"},{"taxonomy":"post_tag","embeddable":true,"href":"https:\/\/eskigazeteci.com\/index.php?rest_route=%2Fwp%2Fv2%2Ftags&post=14087"}],"curies":[{"name":"wp","href":"https:\/\/api.w.org\/{rel}","templated":true}]}}