{"id":14085,"date":"2026-03-20T18:04:46","date_gmt":"2026-03-20T18:04:46","guid":{"rendered":"https:\/\/eskigazeteci.com\/?p=14085"},"modified":"2026-03-20T18:04:46","modified_gmt":"2026-03-20T18:04:46","slug":"polis-kardesler-arasindaki-tartisma-faciayla-bitti-1-olu-1-yarali","status":"publish","type":"post","link":"https:\/\/eskigazeteci.com\/?p=14085","title":{"rendered":"Polis karde\u015fler aras\u0131ndaki tart\u0131\u015fma faciayla bitti: 1 \u00f6l\u00fc, 1 yaral\u0131"},"content":{"rendered":"<p>Olay, gece saat 02.30 s\u0131ralar\u0131nda Vatan Mahallesi 234. Cadde&#x27;de meydana geldi. \u0130ddiaya g\u00f6re, bayram izni i\u00e7in memleketlerine gelen Antalya&#x27;da g\u00f6revli polis memuru \u00d6mer A. ile Denizli&#x27;de g\u00f6revli polis memuru Deniz A., evde ya\u015fanan aile i\u00e7i tart\u0131\u015fman\u0131n sonras\u0131nda anne ve baba ile birlikte ayn\u0131 araca binip evden ayr\u0131ld\u0131. Tart\u0131\u015fma ara\u00e7ta da devam edince ikametlerin \u00f6n\u00fcne geldiklerinde anne ara\u00e7tan inip eve gitti. Devam eden tart\u0131\u015fma s\u0131ras\u0131nda Deniz A., bir anda ba\u011f\u0131rarak silah\u0131n\u0131 \u00e7\u0131kart\u0131p kendi kafas\u0131na do\u011frulttu. Ard\u0131ndan baba Mustafa A. da beylik tabancas\u0131n\u0131 \u00e7\u0131kararak ara\u00e7tan indi. Silahlar\u0131 birbirlerinden almak isterken ya\u015fanan arbede s\u0131ras\u0131nda, taraflar\u0131n tabancalar\u0131ndan birinin bir anda ate\u015f almas\u0131 sonucu baba M.A. ile o\u011flu Deniz A. boyunlar\u0131ndan vurularak yaraland\u0131. \u0130hbar \u00fczerine olay yerine sa\u011fl\u0131k ve polis ekipleri sevk edildi. T\u00dcM M\u00dcDAHALELERE RA\u011eMEN HAYATINI KAYBETT\u0130<\/p>\n<p>Yaral\u0131lar, sa\u011fl\u0131k ekiplerinin olay yerindeki ilk m\u00fcdahalesinin ard\u0131ndan ambulanslarla Isparta \u015eehir Hastanesine ve T\u0131p Fak\u00fcltesi Hastanesine kald\u0131r\u0131ld\u0131. Isparta \u015eehir Hastanesine kald\u0131r\u0131lan Deniz A., sa\u011fl\u0131k ekiplerinin t\u00fcm m\u00fcdahalelerine ra\u011fmen kurtar\u0131lamayarak hayat\u0131n\u0131 kaybetti. Mustafa A.&#x27;n\u0131n T\u0131p Fak\u00fcltesi&#8230;<\/p>\n","protected":false},"excerpt":{"rendered":"<p>Bayram izni i\u00e7in Isparta&#8217;ya gelen polis memuru iki karde\u015f aras\u0131nda evde ba\u015flay\u0131p ara\u00e7ta devam eden tart\u0131\u015fma faciayla bitti. Silah\u0131 ba\u015f\u0131na dayayan polis&#8230;<\/p>\n","protected":false},"author":2,"featured_media":14084,"comment_status":"open","ping_status":"open","sticky":false,"template":"","format":"standard","meta":{"footnotes":""},"categories":[8,6,5],"tags":[],"class_list":["post-14085","post","type-post","status-publish","format-standard","has-post-thumbnail","hentry","category-arsiv","category-gundem","category-son-dakika"],"_links":{"self":[{"href":"https:\/\/eskigazeteci.com\/index.php?rest_route=\/wp\/v2\/posts\/14085","targetHints":{"allow":["GET"]}}],"collection":[{"href":"https:\/\/eskigazeteci.com\/index.php?rest_route=\/wp\/v2\/posts"}],"about":[{"href":"https:\/\/eskigazeteci.com\/index.php?rest_route=\/wp\/v2\/types\/post"}],"author":[{"embeddable":true,"href":"https:\/\/eskigazeteci.com\/index.php?rest_route=\/wp\/v2\/users\/2"}],"replies":[{"embeddable":true,"href":"https:\/\/eskigazeteci.com\/index.php?rest_route=%2Fwp%2Fv2%2Fcomments&post=14085"}],"version-history":[{"count":0,"href":"https:\/\/eskigazeteci.com\/index.php?rest_route=\/wp\/v2\/posts\/14085\/revisions"}],"wp:featuredmedia":[{"embeddable":true,"href":"https:\/\/eskigazeteci.com\/index.php?rest_route=\/wp\/v2\/media\/14084"}],"wp:attachment":[{"href":"https:\/\/eskigazeteci.com\/index.php?rest_route=%2Fwp%2Fv2%2Fmedia&parent=14085"}],"wp:term":[{"taxonomy":"category","embeddable":true,"href":"https:\/\/eskigazeteci.com\/index.php?rest_route=%2Fwp%2Fv2%2Fcategories&post=14085"},{"taxonomy":"post_tag","embeddable":true,"href":"https:\/\/eskigazeteci.com\/index.php?rest_route=%2Fwp%2Fv2%2Ftags&post=14085"}],"curies":[{"name":"wp","href":"https:\/\/api.w.org\/{rel}","templated":true}]}}