{"id":14083,"date":"2026-03-20T18:03:12","date_gmt":"2026-03-20T18:03:12","guid":{"rendered":"https:\/\/eskigazeteci.com\/?p=14083"},"modified":"2026-03-20T18:03:12","modified_gmt":"2026-03-20T18:03:12","slug":"kan-donduran-olay-esini-mezarlik-ziyaretinde-oldurdu-baldizini-ise-yaraladi","status":"publish","type":"post","link":"https:\/\/eskigazeteci.com\/?p=14083","title":{"rendered":"Kan donduran olay\u2026 E\u015fini mezarl\u0131k ziyaretinde \u00f6ld\u00fcrd\u00fc, bald\u0131z\u0131n\u0131 ise yaralad\u0131"},"content":{"rendered":"<p>Olay, Saat 13.15 s\u0131ralar\u0131nda Ortak\u00f6y il\u00e7esi O\u011fuzlar k\u00f6y\u00fcnde meydana geldi. \u0130ddiaya g\u00f6re, 3 \u00e7ocuk annesi Gamze Y\u0131ld\u0131r\u0131m ile ablas\u0131 Beyaz \u00c7akmak vefat eden anneleri Elif ile B\u00fcnyamin\u2019in mezar\u0131n\u0131 ziyaret edip dua okudu\u011fu esnada Gamze Y\u0131ld\u0131r\u0131m\u2019\u0131n bo\u015fanma a\u015famas\u0131ndaki e\u015fi Habip Emre Y\u0131ld\u0131r\u0131m, geldi. Elinde av t\u00fcfe\u011fi bulunan Habip Emre Y\u0131ld\u0131r\u0131m, mezar ziyareti yapan e\u015fi ve bald\u0131z\u0131na ate\u015f a\u00e7\u0131p ka\u00e7t\u0131. Sa\u00e7malar\u0131n isabet etti\u011fi Gamze Y\u0131ld\u0131r\u0131m ba\u015f\u0131ndan, ablas\u0131 ile karn\u0131ndan yaraland\u0131.<\/p>\n<p>\u015e\u00dcPHEL\u0130 YAKALANDI<\/p>\n<p>Silah seslerini duyan \u00e7evredeki vatanda\u015flar\u0131n ihbar\u0131 \u00fczerine olay yerine sa\u011fl\u0131k ve jandarma ekibi sevk edildi. Sa\u011fl\u0131k ekipleri Gamze Y\u0131ld\u0131r\u0131m\u2019\u0131n ya\u015fam\u0131n\u0131 yitirdi\u011fi belirledi. Yaral\u0131 Beyaz \u00c7akmak ise ambulansla Aksaray E\u011fitim ve Ara\u015ft\u0131rma Hastanesine kald\u0131r\u0131ld\u0131. Jandarma ekiplerinin incelemesinin ard\u0131ndan Gamze Y\u0131ld\u0131r\u0131m\u2019\u0131n cans\u0131z bedeni de ayn\u0131 hastanenin morguna kald\u0131r\u0131ld\u0131. \u015e\u00fcpheli ise jandarma ekipleri taraf\u0131ndan t\u00fcfekle birlikte yakalan\u0131p g\u00f6zalt\u0131na al\u0131nd\u0131.<\/p>\n<p>\u201cDURUMU DEFALARCA SAVCILI\u011eA B\u0130LD\u0130RD\u0130K, \u00d6L\u00dcM TEHD\u0130D\u0130 VARDI\u201d<\/p>\n<p>Gamze Y\u0131ld\u0131r\u0131m\u2019\u0131n eni\u015ftesi Fatih Demir, \u201cGamze Y\u0131ld\u0131r\u0131m bald\u0131z\u0131m olurdu. 6-7 ayd\u0131r bir bo\u015fanma s\u00fcre\u00e7leri vard\u0131. Daval\u0131k ve mahkemeliklerdi. Bizde olay\u0131 takip ediyorduk. Kendisi&#8230;<\/p>\n","protected":false},"excerpt":{"rendered":"<p>AKSARAY\u2019da Gamze Y\u0131ld\u0131r\u0131m (35), k\u0131z karde\u015fi Beyaz \u00c7akmak (48) ile birlikte gitti\u011fi annelerinin mezar\u0131nda dua okurken, bo\u015fanma a\u015famas\u0131ndaki e\u015fi Habip Emre&#8230;<\/p>\n","protected":false},"author":2,"featured_media":14082,"comment_status":"open","ping_status":"open","sticky":false,"template":"","format":"standard","meta":{"footnotes":""},"categories":[8,6,5],"tags":[],"class_list":["post-14083","post","type-post","status-publish","format-standard","has-post-thumbnail","hentry","category-arsiv","category-gundem","category-son-dakika"],"_links":{"self":[{"href":"https:\/\/eskigazeteci.com\/index.php?rest_route=\/wp\/v2\/posts\/14083","targetHints":{"allow":["GET"]}}],"collection":[{"href":"https:\/\/eskigazeteci.com\/index.php?rest_route=\/wp\/v2\/posts"}],"about":[{"href":"https:\/\/eskigazeteci.com\/index.php?rest_route=\/wp\/v2\/types\/post"}],"author":[{"embeddable":true,"href":"https:\/\/eskigazeteci.com\/index.php?rest_route=\/wp\/v2\/users\/2"}],"replies":[{"embeddable":true,"href":"https:\/\/eskigazeteci.com\/index.php?rest_route=%2Fwp%2Fv2%2Fcomments&post=14083"}],"version-history":[{"count":0,"href":"https:\/\/eskigazeteci.com\/index.php?rest_route=\/wp\/v2\/posts\/14083\/revisions"}],"wp:featuredmedia":[{"embeddable":true,"href":"https:\/\/eskigazeteci.com\/index.php?rest_route=\/wp\/v2\/media\/14082"}],"wp:attachment":[{"href":"https:\/\/eskigazeteci.com\/index.php?rest_route=%2Fwp%2Fv2%2Fmedia&parent=14083"}],"wp:term":[{"taxonomy":"category","embeddable":true,"href":"https:\/\/eskigazeteci.com\/index.php?rest_route=%2Fwp%2Fv2%2Fcategories&post=14083"},{"taxonomy":"post_tag","embeddable":true,"href":"https:\/\/eskigazeteci.com\/index.php?rest_route=%2Fwp%2Fv2%2Ftags&post=14083"}],"curies":[{"name":"wp","href":"https:\/\/api.w.org\/{rel}","templated":true}]}}