{"id":14079,"date":"2026-03-20T17:33:11","date_gmt":"2026-03-20T17:33:11","guid":{"rendered":"https:\/\/eskigazeteci.com\/?p=14079"},"modified":"2026-03-20T17:33:11","modified_gmt":"2026-03-20T17:33:11","slug":"abdden-gerginligi-arttiracak-hamle-3-savas-gemisi-ve-yaklasik-2-bin-500-deniz-piyadesi-gonderiyor","status":"publish","type":"post","link":"https:\/\/eskigazeteci.com\/?p=14079","title":{"rendered":"ABD&#8217;den gerginli\u011fi artt\u0131racak hamle: 3 sava\u015f gemisi ve yakla\u015f\u0131k 2 bin 500 deniz piyadesi g\u00f6nderiyor"},"content":{"rendered":"<p>Associated Press&#x27;in (AP) ismi payla\u015f\u0131lmayan bir ABD\u2019li yetkiliye dayand\u0131rd\u0131\u011f\u0131 haberinde, San Diego&#x27;daki USS Boxer ve di\u011fer iki amfibi sald\u0131r\u0131 gemisinin yakla\u015f\u0131k 2 bin 500 deniz piyadesiyle birlikte Orta Do\u011fu &#x27;ya konu\u015fland\u0131r\u0131laca\u011f\u0131 iddia edildi.<\/p>\n<p>G\u00f6r\u00fc\u015flerine yer verilen di\u011fer iki ABD\u2019li yetkili de gemilerin konu\u015fland\u0131r\u0131lmas\u0131n\u0131 do\u011frularken nereye gittiklerine ili\u015fkin ise bilgi vermedi.<\/p>\n<p>ABD-\u0130SRA\u0130L&#x27;\u0130N \u0130RAN&#x27;A SALDIRILARI<\/p>\n<p>\u0130srail ve ABD, Tahran ile Washington y\u00f6netimleri aras\u0131nda m\u00fczakereler s\u00fcrerken 28 \u015eubat&#x27;ta \u0130ran&#x27;a askeri sald\u0131r\u0131 ba\u015flatt\u0131.<\/p>\n<p>\u0130ran da \u0130srail&#x27;in yan\u0131 s\u0131ra ABD \u00fcslerinin bulundu\u011fu Katar, Birle\u015fik Arap Emirlikleri (BAE) ve Bahreyn ba\u015fta olmak \u00fczere baz\u0131 b\u00f6lge \u00fclkelerinde belirledi\u011fi hedeflere sald\u0131r\u0131larla kar\u015f\u0131l\u0131k verdi.<\/p>\n<p>ABD-\u0130srail sald\u0131r\u0131lar\u0131nda, \u0130ran lideri Ali Hamaney&#x27;in yan\u0131 s\u0131ra \u00e7ok say\u0131da \u00fcst d\u00fczey yetkili \u00f6ld\u00fc.<\/p>\n<p>\u0130ranl\u0131 yetkililere g\u00f6re, ABD-\u0130srail sald\u0131r\u0131lar\u0131nda \u00f6l\u00fc say\u0131s\u0131 1348&#x27;i, yaral\u0131 say\u0131s\u0131 17 bini a\u015ft\u0131.<\/p>\n<p>Yurtd\u0131\u015f\u0131nda ya\u015fanan en son olaylar, d\u00fcnya g\u00fcndemine oturan d\u0131\u015f haberler, son dakika d\u00fcnya haberleri, di\u011fer d\u00fcnya \u00fclkelerinden g\u00fcncel haberler i\u00e7in T\u00fcrkiye&#x27;nin haber sitesi hurriyet.com.tr; Hurriyet.com.tr haber i\u00e7erikleri kaynak g\u00f6sterilmeden al\u0131nt\u0131&#8230;<\/p>\n","protected":false},"excerpt":{"rendered":"<p>ABD\u2019nin \u0130ran\u2019a y\u00f6nelik sald\u0131r\u0131lar\u0131 s\u00fcrerken, Orta Do\u011fu&#8217;ya \u00fc\u00e7 sava\u015f gemisi ve yakla\u015f\u0131k 2 bin 500 deniz piyadesi daha konu\u015fland\u0131raca\u011f\u0131 ileri s\u00fcr\u00fcld\u00fc.<\/p>\n","protected":false},"author":2,"featured_media":14078,"comment_status":"open","ping_status":"open","sticky":false,"template":"","format":"standard","meta":{"footnotes":""},"categories":[8,6,5],"tags":[],"class_list":["post-14079","post","type-post","status-publish","format-standard","has-post-thumbnail","hentry","category-arsiv","category-gundem","category-son-dakika"],"_links":{"self":[{"href":"https:\/\/eskigazeteci.com\/index.php?rest_route=\/wp\/v2\/posts\/14079","targetHints":{"allow":["GET"]}}],"collection":[{"href":"https:\/\/eskigazeteci.com\/index.php?rest_route=\/wp\/v2\/posts"}],"about":[{"href":"https:\/\/eskigazeteci.com\/index.php?rest_route=\/wp\/v2\/types\/post"}],"author":[{"embeddable":true,"href":"https:\/\/eskigazeteci.com\/index.php?rest_route=\/wp\/v2\/users\/2"}],"replies":[{"embeddable":true,"href":"https:\/\/eskigazeteci.com\/index.php?rest_route=%2Fwp%2Fv2%2Fcomments&post=14079"}],"version-history":[{"count":0,"href":"https:\/\/eskigazeteci.com\/index.php?rest_route=\/wp\/v2\/posts\/14079\/revisions"}],"wp:featuredmedia":[{"embeddable":true,"href":"https:\/\/eskigazeteci.com\/index.php?rest_route=\/wp\/v2\/media\/14078"}],"wp:attachment":[{"href":"https:\/\/eskigazeteci.com\/index.php?rest_route=%2Fwp%2Fv2%2Fmedia&parent=14079"}],"wp:term":[{"taxonomy":"category","embeddable":true,"href":"https:\/\/eskigazeteci.com\/index.php?rest_route=%2Fwp%2Fv2%2Fcategories&post=14079"},{"taxonomy":"post_tag","embeddable":true,"href":"https:\/\/eskigazeteci.com\/index.php?rest_route=%2Fwp%2Fv2%2Ftags&post=14079"}],"curies":[{"name":"wp","href":"https:\/\/api.w.org\/{rel}","templated":true}]}}