{"id":14075,"date":"2026-03-20T17:12:33","date_gmt":"2026-03-20T17:12:33","guid":{"rendered":"https:\/\/eskigazeteci.com\/?p=14075"},"modified":"2026-03-20T17:12:33","modified_gmt":"2026-03-20T17:12:33","slug":"disisleri-bakani-hakan-fidan-bae-devlet-baskani-al-nahyan-ile-gorustu","status":"publish","type":"post","link":"https:\/\/eskigazeteci.com\/?p=14075","title":{"rendered":"D\u0131\u015fi\u015fleri Bakan\u0131 Hakan Fidan, BAE Devlet Ba\u015fkan\u0131 Al Nahyan ile g\u00f6r\u00fc\u015ft\u00fc"},"content":{"rendered":"<p>Diplomatik kaynaklardan edinilen bilgiye g\u00f6re Fidan, BAE Devlet Ba\u015fkan\u0131 Al Nahyan ile bir araya geldi.<\/p>\n","protected":false},"excerpt":{"rendered":"<p>D\u0131\u015fi\u015fleri Bakan\u0131 Hakan Fidan, Birle\u015fik Arap Emirlikleri (BAE) Devlet Ba\u015fkan\u0131 \u015eeyh Muhammed bin Zayid Al Nahyan taraf\u0131ndan kabul edildi.<\/p>\n","protected":false},"author":2,"featured_media":14074,"comment_status":"open","ping_status":"open","sticky":false,"template":"","format":"standard","meta":{"footnotes":""},"categories":[8,6,5],"tags":[],"class_list":["post-14075","post","type-post","status-publish","format-standard","has-post-thumbnail","hentry","category-arsiv","category-gundem","category-son-dakika"],"_links":{"self":[{"href":"https:\/\/eskigazeteci.com\/index.php?rest_route=\/wp\/v2\/posts\/14075","targetHints":{"allow":["GET"]}}],"collection":[{"href":"https:\/\/eskigazeteci.com\/index.php?rest_route=\/wp\/v2\/posts"}],"about":[{"href":"https:\/\/eskigazeteci.com\/index.php?rest_route=\/wp\/v2\/types\/post"}],"author":[{"embeddable":true,"href":"https:\/\/eskigazeteci.com\/index.php?rest_route=\/wp\/v2\/users\/2"}],"replies":[{"embeddable":true,"href":"https:\/\/eskigazeteci.com\/index.php?rest_route=%2Fwp%2Fv2%2Fcomments&post=14075"}],"version-history":[{"count":0,"href":"https:\/\/eskigazeteci.com\/index.php?rest_route=\/wp\/v2\/posts\/14075\/revisions"}],"wp:featuredmedia":[{"embeddable":true,"href":"https:\/\/eskigazeteci.com\/index.php?rest_route=\/wp\/v2\/media\/14074"}],"wp:attachment":[{"href":"https:\/\/eskigazeteci.com\/index.php?rest_route=%2Fwp%2Fv2%2Fmedia&parent=14075"}],"wp:term":[{"taxonomy":"category","embeddable":true,"href":"https:\/\/eskigazeteci.com\/index.php?rest_route=%2Fwp%2Fv2%2Fcategories&post=14075"},{"taxonomy":"post_tag","embeddable":true,"href":"https:\/\/eskigazeteci.com\/index.php?rest_route=%2Fwp%2Fv2%2Ftags&post=14075"}],"curies":[{"name":"wp","href":"https:\/\/api.w.org\/{rel}","templated":true}]}}