{"id":14073,"date":"2026-03-20T17:11:30","date_gmt":"2026-03-20T17:11:30","guid":{"rendered":"https:\/\/eskigazeteci.com\/?p=14073"},"modified":"2026-03-20T17:11:30","modified_gmt":"2026-03-20T17:11:30","slug":"sevval-orucu-nedir-sevval-ayi-6-gun-orucu-ne-zaman-tutulur-2026-sevval-ayi-ne-zaman-basliyor-ve-bitiyor","status":"publish","type":"post","link":"https:\/\/eskigazeteci.com\/?p=14073","title":{"rendered":"\u015eevval orucu nedir, \u015eevval ay\u0131 6 g\u00fcn orucu ne zaman tutulur? 2026 \u015eevval ay\u0131 ne zaman ba\u015fl\u0131yor ve bitiyor?"},"content":{"rendered":"<p>\u015eevval, Hicri takvime g\u00f6re y\u0131l\u0131n 10. ay\u0131d\u0131r. 1 \u015eevval Ramazan Bayram\u0131&#x27;n\u0131n ilk g\u00fcn\u00fc iken, 3 \u015eevval son g\u00fcn\u00fcd\u00fcr. \u015eevval ay\u0131 6 g\u00fcn orucunun ne zaman tutulaca\u011f\u0131, ibadetlerini idrak edecek olan M\u00fcsl\u00fcmanlar\u0131n odakland\u0131\u011f\u0131 konulardan oldu. Diyanet kaynaklar\u0131na g\u00f6re Ramazan\u2019da tutulmayan oru\u00e7lar\u0131n yerine ge\u00e7meyecek olan \u015eevval orucu pe\u015f pe\u015fe tutulabilece\u011fi gibi ara verilerek de tutulabiliyor. \u015eevval orucu nedir, \u015eevval ay\u0131 6 g\u00fcn orucu ne zaman tutulur? 2026 \u015eevval ay\u0131 ne zaman ba\u015fl\u0131yor ve bitiyor? \u0130\u015fte Diyanet bilgisi&#8230;<\/p>\n<p>\u015eevval, Hicri takvime g\u00f6re y\u0131l\u0131n 10. ay\u0131d\u0131r. 1 \u015eevval Ramazan Bayram\u0131&#x27;n\u0131n ilk g\u00fcn\u00fc iken, 3 \u015eevval son g\u00fcn\u00fcd\u00fcr. \u015eevval ay\u0131 6 g\u00fcn orucunun ne zaman tutulaca\u011f\u0131, ibadetlerini idrak edecek olan M\u00fcsl\u00fcmanlar\u0131n odakland\u0131\u011f\u0131 konulardan oldu. Diyanet kaynaklar\u0131na g\u00f6re Ramazan\u2019da tutulmayan oru\u00e7lar\u0131n yerine ge\u00e7meyecek olan \u015eevval orucu pe\u015f pe\u015fe tutulabilece\u011fi gibi ara verilerek de tutulabiliyor. \u015eevval orucu nedir, \u015eevval ay\u0131 6 g\u00fcn orucu ne zaman tutulur? 2026 \u015eevval ay\u0131 ne zaman ba\u015fl\u0131yor ve bitiyor? \u0130\u015fte Diyanet bilgisi&#8230;<\/p>\n<p>\u015eevval ay\u0131 2026 y\u0131l\u0131 20 Mart&#x27;ta ba\u015flad\u0131. 18 Nisan Cumartesi g\u00fcn\u00fc sona erecek.<\/p>\n<p>\u015eevval ay\u0131 2026 y\u0131l\u0131 20 Mart&#x27;ta ba\u015flad\u0131. 18 Nisan Cumartesi g\u00fcn\u00fc sona&#8230;<\/p>\n","protected":false},"excerpt":{"rendered":"<p>Rahmet ve ma\u011ffiret mevsimi m\u00fcbarek Ramazan-\u0131 \u015eerif&#8217;te tutamad\u0131klar\u0131 orucun kazas\u0131 i\u00e7in \u015fevval ay\u0131 orucu hakk\u0131nda Diyanet&#8217;in a\u00e7\u0131klamalar\u0131 M\u00fcsl\u00fcmanlar\u0131n&#8230;<\/p>\n","protected":false},"author":2,"featured_media":14072,"comment_status":"open","ping_status":"open","sticky":false,"template":"","format":"standard","meta":{"footnotes":""},"categories":[8,6,5],"tags":[],"class_list":["post-14073","post","type-post","status-publish","format-standard","has-post-thumbnail","hentry","category-arsiv","category-gundem","category-son-dakika"],"_links":{"self":[{"href":"https:\/\/eskigazeteci.com\/index.php?rest_route=\/wp\/v2\/posts\/14073","targetHints":{"allow":["GET"]}}],"collection":[{"href":"https:\/\/eskigazeteci.com\/index.php?rest_route=\/wp\/v2\/posts"}],"about":[{"href":"https:\/\/eskigazeteci.com\/index.php?rest_route=\/wp\/v2\/types\/post"}],"author":[{"embeddable":true,"href":"https:\/\/eskigazeteci.com\/index.php?rest_route=\/wp\/v2\/users\/2"}],"replies":[{"embeddable":true,"href":"https:\/\/eskigazeteci.com\/index.php?rest_route=%2Fwp%2Fv2%2Fcomments&post=14073"}],"version-history":[{"count":0,"href":"https:\/\/eskigazeteci.com\/index.php?rest_route=\/wp\/v2\/posts\/14073\/revisions"}],"wp:featuredmedia":[{"embeddable":true,"href":"https:\/\/eskigazeteci.com\/index.php?rest_route=\/wp\/v2\/media\/14072"}],"wp:attachment":[{"href":"https:\/\/eskigazeteci.com\/index.php?rest_route=%2Fwp%2Fv2%2Fmedia&parent=14073"}],"wp:term":[{"taxonomy":"category","embeddable":true,"href":"https:\/\/eskigazeteci.com\/index.php?rest_route=%2Fwp%2Fv2%2Fcategories&post=14073"},{"taxonomy":"post_tag","embeddable":true,"href":"https:\/\/eskigazeteci.com\/index.php?rest_route=%2Fwp%2Fv2%2Ftags&post=14073"}],"curies":[{"name":"wp","href":"https:\/\/api.w.org\/{rel}","templated":true}]}}