{"id":14071,"date":"2026-03-20T17:03:15","date_gmt":"2026-03-20T17:03:15","guid":{"rendered":"https:\/\/eskigazeteci.com\/?p=14071"},"modified":"2026-03-20T17:03:15","modified_gmt":"2026-03-20T17:03:15","slug":"cumhurbaskani-erdogan-guneysu-tenzile-erdogan-devlet-hastanesinde-incelemelerde-bulundu","status":"publish","type":"post","link":"https:\/\/eskigazeteci.com\/?p=14071","title":{"rendered":"Cumhurba\u015fkan\u0131 Erdo\u011fan, G\u00fcneysu Tenzile Erdo\u011fan Devlet Hastanesi&#8217;nde incelemelerde bulundu"},"content":{"rendered":"<p>Erdo\u011fan, Rize &#x27;nin G\u00fcneysu il\u00e7esinde G\u00fcneysu Tenzile Erdo\u011fan Devlet Hastanesi&#x27;nin a\u00e7\u0131l\u0131\u015f\u0131n\u0131n ard\u0131ndan, Sa\u011fl\u0131k Bakan\u0131 Kemal Memi\u015fo\u011flu ile hastanede tedavi g\u00f6ren vatanda\u015flarla bir araya geldi.<\/p>\n<p>Cumhurba\u015fkan\u0131 Erdo\u011fan&#x27;a, tedavi g\u00f6ren ya\u015fl\u0131 bir kad\u0131n, &quot;Senden Allah raz\u0131 olsun. Sen nas\u0131l bir annenin o\u011flusun. Allah senden raz\u0131 olsun.&quot; dedi.<\/p>\n<p>Cumhurba\u015fkan\u0131 Erdo\u011fan&#x27;\u0131n, &quot;Be\u011fendin mi buray\u0131?&quot; sorusuna kad\u0131n, &quot;\u00c7ok be\u011fendim.&quot; yan\u0131t\u0131n\u0131 verdi.<\/p>\n<p>Erdo\u011fan, Doruk isimli hasta \u00e7ocu\u011fun sa\u011fl\u0131k durumuna ili\u015fkin de doktorlardan ve ailesinden bilgi ald\u0131. Cumhurba\u015fkan\u0131 Erdo\u011fan , Gen\u00e7lik ve Spor Bakan\u0131 Osman A\u015fk\u0131n Bak&#x27;a, Doruk&#x27;un, Arda G\u00fcler&#x27;in formas\u0131n\u0131 istedi\u011fini s\u00f6yledi. Bakan Bak da Cumhurba\u015fkan\u0131 Erdo\u011fan&#x27;a, formay\u0131 hediye edeceklerini ifade etti.<\/p>\n<p>\u00d6te yandan, Cumhurba\u015fkan\u0131 Recep Tayyip Erdo\u011fan&#x27;a, ziyarette hastane y\u00f6netimi taraf\u0131ndan kendisinin ve annesinin kara kalemle \u00e7izilmi\u015f tablosu hediye edildi.<\/p>\n<p>Erdo\u011fan, daha sonra hastane \u00e7al\u0131\u015fanlar\u0131yla hat\u0131ra foto\u011fraf\u0131 \u00e7ektirdi ve bayramlar\u0131n\u0131 kutlad\u0131.<\/p>\n<p>Ziyarette, bakanlar Memi\u015fo\u011flu ve Bak&#x27;\u0131n yan\u0131 s\u0131ra \u0130lim Yayma Vakf\u0131 M\u00fctevelli Heyeti Ba\u015fkan\u0131 Bilal Erdo\u011fan da yer ald\u0131.<\/p>\n<p>T\u00fcrkiye g\u00fcndeminden son dakika haberleri, bug\u00fcn ya\u015fanan en son geli\u015fmeler, siyaset&#8230;<\/p>\n","protected":false},"excerpt":{"rendered":"<p>Cumhurba\u015fkan\u0131 Recep Tayyip Erdo\u011fan, a\u00e7\u0131l\u0131\u015f\u0131n\u0131 yapt\u0131\u011f\u0131 G\u00fcneysu Tenzile Erdo\u011fan Devlet Hastanesi&#8217;nde incelemelerde bulundu.<\/p>\n","protected":false},"author":2,"featured_media":14070,"comment_status":"open","ping_status":"open","sticky":false,"template":"","format":"standard","meta":{"footnotes":""},"categories":[8,6,5],"tags":[],"class_list":["post-14071","post","type-post","status-publish","format-standard","has-post-thumbnail","hentry","category-arsiv","category-gundem","category-son-dakika"],"_links":{"self":[{"href":"https:\/\/eskigazeteci.com\/index.php?rest_route=\/wp\/v2\/posts\/14071","targetHints":{"allow":["GET"]}}],"collection":[{"href":"https:\/\/eskigazeteci.com\/index.php?rest_route=\/wp\/v2\/posts"}],"about":[{"href":"https:\/\/eskigazeteci.com\/index.php?rest_route=\/wp\/v2\/types\/post"}],"author":[{"embeddable":true,"href":"https:\/\/eskigazeteci.com\/index.php?rest_route=\/wp\/v2\/users\/2"}],"replies":[{"embeddable":true,"href":"https:\/\/eskigazeteci.com\/index.php?rest_route=%2Fwp%2Fv2%2Fcomments&post=14071"}],"version-history":[{"count":0,"href":"https:\/\/eskigazeteci.com\/index.php?rest_route=\/wp\/v2\/posts\/14071\/revisions"}],"wp:featuredmedia":[{"embeddable":true,"href":"https:\/\/eskigazeteci.com\/index.php?rest_route=\/wp\/v2\/media\/14070"}],"wp:attachment":[{"href":"https:\/\/eskigazeteci.com\/index.php?rest_route=%2Fwp%2Fv2%2Fmedia&parent=14071"}],"wp:term":[{"taxonomy":"category","embeddable":true,"href":"https:\/\/eskigazeteci.com\/index.php?rest_route=%2Fwp%2Fv2%2Fcategories&post=14071"},{"taxonomy":"post_tag","embeddable":true,"href":"https:\/\/eskigazeteci.com\/index.php?rest_route=%2Fwp%2Fv2%2Ftags&post=14071"}],"curies":[{"name":"wp","href":"https:\/\/api.w.org\/{rel}","templated":true}]}}