{"id":1407,"date":"2026-02-12T08:38:05","date_gmt":"2026-02-12T08:38:05","guid":{"rendered":"https:\/\/eskigazeteci.com\/?p=1407"},"modified":"2026-02-12T08:38:05","modified_gmt":"2026-02-12T08:38:05","slug":"istanbul-baraj-doluluk-oranlari","status":"publish","type":"post","link":"https:\/\/eskigazeteci.com\/?p=1407","title":{"rendered":"\u0130stanbul Baraj Doluluk Oranlar\u0131"},"content":{"rendered":"<p>\u0130SK\u0130 taraf\u0131ndan g\u00fcnl\u00fck doluluk oran\u0131 raporu \u015fu anda yay\u0131nland\u0131. \u015eubat 12 \u015eubat baraj doluluk oran\u0131n\u0131n y\u00fczde 37,08 olarak kaydedildi. Bir \u00f6nceki g\u00fcn ise y\u00fczde 36,78 olarak kaydedilmi\u015fti.<\/p>\n","protected":false},"excerpt":{"rendered":"<p>Son ya\u011f\u0131\u015flar\u0131n ard\u0131ndan merak konusu oldu.<\/p>\n","protected":false},"author":2,"featured_media":1406,"comment_status":"open","ping_status":"open","sticky":false,"template":"","format":"standard","meta":{"footnotes":""},"categories":[8,6,5],"tags":[],"class_list":["post-1407","post","type-post","status-publish","format-standard","has-post-thumbnail","hentry","category-arsiv","category-gundem","category-son-dakika"],"_links":{"self":[{"href":"https:\/\/eskigazeteci.com\/index.php?rest_route=\/wp\/v2\/posts\/1407","targetHints":{"allow":["GET"]}}],"collection":[{"href":"https:\/\/eskigazeteci.com\/index.php?rest_route=\/wp\/v2\/posts"}],"about":[{"href":"https:\/\/eskigazeteci.com\/index.php?rest_route=\/wp\/v2\/types\/post"}],"author":[{"embeddable":true,"href":"https:\/\/eskigazeteci.com\/index.php?rest_route=\/wp\/v2\/users\/2"}],"replies":[{"embeddable":true,"href":"https:\/\/eskigazeteci.com\/index.php?rest_route=%2Fwp%2Fv2%2Fcomments&post=1407"}],"version-history":[{"count":0,"href":"https:\/\/eskigazeteci.com\/index.php?rest_route=\/wp\/v2\/posts\/1407\/revisions"}],"wp:featuredmedia":[{"embeddable":true,"href":"https:\/\/eskigazeteci.com\/index.php?rest_route=\/wp\/v2\/media\/1406"}],"wp:attachment":[{"href":"https:\/\/eskigazeteci.com\/index.php?rest_route=%2Fwp%2Fv2%2Fmedia&parent=1407"}],"wp:term":[{"taxonomy":"category","embeddable":true,"href":"https:\/\/eskigazeteci.com\/index.php?rest_route=%2Fwp%2Fv2%2Fcategories&post=1407"},{"taxonomy":"post_tag","embeddable":true,"href":"https:\/\/eskigazeteci.com\/index.php?rest_route=%2Fwp%2Fv2%2Ftags&post=1407"}],"curies":[{"name":"wp","href":"https:\/\/api.w.org\/{rel}","templated":true}]}}