{"id":14069,"date":"2026-03-20T17:01:37","date_gmt":"2026-03-20T17:01:37","guid":{"rendered":"https:\/\/eskigazeteci.com\/?p=14069"},"modified":"2026-03-20T17:01:37","modified_gmt":"2026-03-20T17:01:37","slug":"matteo-guendouzi-fenerbahceye-transferini-ve-super-kupa-macini-anlatti-hic-uyuyamadim-muhtesemdi","status":"publish","type":"post","link":"https:\/\/eskigazeteci.com\/?p=14069","title":{"rendered":"Matteo Guendouzi, Fenerbah\u00e7e&#8217;ye transferini ve S\u00fcper Kupa ma\u00e7\u0131n\u0131 anlatt\u0131: &#8216;Hi\u00e7 uyuyamad\u0131m, muhte\u015femdi&#8217;"},"content":{"rendered":"<p>Fenerbah\u00e7e &#x27;nin devre aras\u0131nda Lazio&#x27;dan kadrosuna katt\u0131\u011f\u0131 Matteo Guendouzi, 10 Numara YouTube kanal\u0131na r\u00f6portaj verdi.<\/p>\n<p>Frans\u0131z y\u0131ld\u0131z, transfer s\u00fcreci hakk\u0131nda \u00e7arp\u0131c\u0131 a\u00e7\u0131klamalar yapt\u0131.<\/p>\n<p>\u0130\u015fte Matteo Guendouzi &#x27;nin a\u00e7\u0131klamalar\u0131;<\/p>\n<p>Transferim \u00e7ok uzun bir s\u00fcre\u00e7 oldu. Menajerimle ocak transfer d\u00f6neminde Lazio\u2019dan ayr\u0131lma konusunu birka\u00e7 kez konu\u015ftuk. Kar\u015f\u0131ma farkl\u0131 f\u0131rsatlar \u00e7\u0131kt\u0131. Fenerbah\u00e7e\u2019nin ilgisini duyduktan sonra onlarla oturup tan\u0131\u015fmak ve konu\u015fmak b\u00fcy\u00fck bir zevkti. \u00d6ncelikle Devin \u00d6zek ve Domenico Tedesco ile g\u00f6r\u00fc\u015fme \u015fans\u0131m oldu. Onlar bana projelerini, Fenerbah\u00e7e\u2019de neler yapmak istediklerini, mevcut sezonu nas\u0131l de\u011ferlendiklerini, benim gelmemin tak\u0131ma nas\u0131l etki edece\u011fini.g\u00fczel bir \u015fekilde anlatt\u0131lar.<\/p>\n<p>BEN\u0130 \u0130KNA ETT\u0130<\/p>\n<p>Bana ger\u00e7ekten \u00e7ok enteresan bir proje sundular. Sportif a\u00e7\u0131dan bir\u00e7ok olumlu nokta vard\u0131. Gelip, \u00e7ok b\u00fcy\u00fck oyuncular bar\u0131nd\u0131ran muhte\u015fem bir tak\u0131mla, beni \u015fimdiden geli\u015ftiren b\u00fcy\u00fck bir teknik direkt\u00f6rle kupalar i\u00e7in, Avrupa kupalar\u0131na kat\u0131l\u0131m i\u00e7in m\u00fccadele etmek konusunda konu\u015ftuk. Bu konu\u015fmalar da beni, ba\u015fka bir tak\u0131ma de\u011fil, Fenerbah\u00e7e\u2019ye imza atma konusunda ikna etti.<\/p>\n<p>SAK\u0130N KALMAMIZ GEREKT\u0130<\/p>\n<p>Sonras\u0131nda ba\u015fkan ve y\u00f6neticilerle konu\u015ftum hepsi bana \u00e7ok&#8230;<\/p>\n","protected":false},"excerpt":{"rendered":"<p>Fenerbah\u00e7e&#8217;nin Frans\u0131z orta saha oyuncusu Matteo Guendouzi, sar\u0131-lacivertli kul\u00fcbe transfer s\u00fcreci hakk\u0131nda \u00e7arp\u0131c\u0131 a\u00e7\u0131klamalar yapt\u0131.<\/p>\n","protected":false},"author":2,"featured_media":14068,"comment_status":"open","ping_status":"open","sticky":false,"template":"","format":"standard","meta":{"footnotes":""},"categories":[8,5,7],"tags":[],"class_list":["post-14069","post","type-post","status-publish","format-standard","has-post-thumbnail","hentry","category-arsiv","category-son-dakika","category-spor"],"_links":{"self":[{"href":"https:\/\/eskigazeteci.com\/index.php?rest_route=\/wp\/v2\/posts\/14069","targetHints":{"allow":["GET"]}}],"collection":[{"href":"https:\/\/eskigazeteci.com\/index.php?rest_route=\/wp\/v2\/posts"}],"about":[{"href":"https:\/\/eskigazeteci.com\/index.php?rest_route=\/wp\/v2\/types\/post"}],"author":[{"embeddable":true,"href":"https:\/\/eskigazeteci.com\/index.php?rest_route=\/wp\/v2\/users\/2"}],"replies":[{"embeddable":true,"href":"https:\/\/eskigazeteci.com\/index.php?rest_route=%2Fwp%2Fv2%2Fcomments&post=14069"}],"version-history":[{"count":0,"href":"https:\/\/eskigazeteci.com\/index.php?rest_route=\/wp\/v2\/posts\/14069\/revisions"}],"wp:featuredmedia":[{"embeddable":true,"href":"https:\/\/eskigazeteci.com\/index.php?rest_route=\/wp\/v2\/media\/14068"}],"wp:attachment":[{"href":"https:\/\/eskigazeteci.com\/index.php?rest_route=%2Fwp%2Fv2%2Fmedia&parent=14069"}],"wp:term":[{"taxonomy":"category","embeddable":true,"href":"https:\/\/eskigazeteci.com\/index.php?rest_route=%2Fwp%2Fv2%2Fcategories&post=14069"},{"taxonomy":"post_tag","embeddable":true,"href":"https:\/\/eskigazeteci.com\/index.php?rest_route=%2Fwp%2Fv2%2Ftags&post=14069"}],"curies":[{"name":"wp","href":"https:\/\/api.w.org\/{rel}","templated":true}]}}