{"id":14067,"date":"2026-03-20T16:33:01","date_gmt":"2026-03-20T16:33:01","guid":{"rendered":"https:\/\/eskigazeteci.com\/?p=14067"},"modified":"2026-03-20T16:33:01","modified_gmt":"2026-03-20T16:33:01","slug":"cezaevinde-supheli-olume-sorusturma","status":"publish","type":"post","link":"https:\/\/eskigazeteci.com\/?p=14067","title":{"rendered":"Cezaevinde \u015f\u00fcpheli \u00f6l\u00fcme soru\u015fturma"},"content":{"rendered":"<p>Samsun T Tipi Kapal\u0131 Cezaevi&#x27;nde yaralama su\u00e7undan h\u00fck\u00fcml\u00fc bulunan Sinan Can Kandemir , mahkumiyetinin 12&#x27;nci g\u00fcn\u00fc olan 17 Mart\u2019ta ya\u015fam\u0131n\u0131 yitirdi. H\u00fck\u00fcml\u00fcn\u00fcn ani \u00f6l\u00fcm\u00fc \u00fczerine savc\u0131l\u0131k taraf\u0131ndan geni\u015f \u00e7apl\u0131 inceleme ba\u015flat\u0131ld\u0131. Kandemir\u2019in cenazesi, otopsi i\u015flemlerinin tamamlanmas\u0131n\u0131n ard\u0131ndan ailesine teslim edildi. Kandemir, d\u00fcn Terme il\u00e7esinde d\u00fczenlenen t\u00f6renle topra\u011fa verildi.<\/p>\n<p>Olayla ilgili \u2018 \u015f\u00fcpheli \u00f6l\u00fcm \u2019 kayd\u0131yla ba\u015flat\u0131lan soru\u015fturma devam ediyor.<\/p>\n<p>T\u00fcrkiye g\u00fcndeminden son dakika haberleri, bug\u00fcn ya\u015fanan en son geli\u015fmeler, siyaset g\u00fcndeminden g\u00fcncel haberler ve b\u00fct\u00fcn son dakika haberleri i\u00e7in H\u00fcrriyet&#x27;in internet haber sitesi hurriyet.com.tr; Hurriyet.com.tr haber i\u00e7erikleri kaynak g\u00f6sterilmeden al\u0131nt\u0131 yap\u0131lamaz, Kanuna ayk\u0131r\u0131 ve izinsiz olarak kopyalanamaz, ba\u015fka yerde yay\u0131nlanamaz.<\/p>\n","protected":false},"excerpt":{"rendered":"<p>SAMSUN Kapal\u0131 Cezaevi&#8217;nde 12 g\u00fcnd\u00fcr h\u00fck\u00fcml\u00fc bulunan Sinan Can Kandemir (31), hayat\u0131n\u0131 kaybetti. \u00d6l\u00fcm\u00fc \u015f\u00fcpheli bulunan Kandemir\u2019in kesin \u00f6l\u00fcm nedeninin&#8230;<\/p>\n","protected":false},"author":2,"featured_media":14066,"comment_status":"open","ping_status":"open","sticky":false,"template":"","format":"standard","meta":{"footnotes":""},"categories":[8,6,5],"tags":[],"class_list":["post-14067","post","type-post","status-publish","format-standard","has-post-thumbnail","hentry","category-arsiv","category-gundem","category-son-dakika"],"_links":{"self":[{"href":"https:\/\/eskigazeteci.com\/index.php?rest_route=\/wp\/v2\/posts\/14067","targetHints":{"allow":["GET"]}}],"collection":[{"href":"https:\/\/eskigazeteci.com\/index.php?rest_route=\/wp\/v2\/posts"}],"about":[{"href":"https:\/\/eskigazeteci.com\/index.php?rest_route=\/wp\/v2\/types\/post"}],"author":[{"embeddable":true,"href":"https:\/\/eskigazeteci.com\/index.php?rest_route=\/wp\/v2\/users\/2"}],"replies":[{"embeddable":true,"href":"https:\/\/eskigazeteci.com\/index.php?rest_route=%2Fwp%2Fv2%2Fcomments&post=14067"}],"version-history":[{"count":0,"href":"https:\/\/eskigazeteci.com\/index.php?rest_route=\/wp\/v2\/posts\/14067\/revisions"}],"wp:featuredmedia":[{"embeddable":true,"href":"https:\/\/eskigazeteci.com\/index.php?rest_route=\/wp\/v2\/media\/14066"}],"wp:attachment":[{"href":"https:\/\/eskigazeteci.com\/index.php?rest_route=%2Fwp%2Fv2%2Fmedia&parent=14067"}],"wp:term":[{"taxonomy":"category","embeddable":true,"href":"https:\/\/eskigazeteci.com\/index.php?rest_route=%2Fwp%2Fv2%2Fcategories&post=14067"},{"taxonomy":"post_tag","embeddable":true,"href":"https:\/\/eskigazeteci.com\/index.php?rest_route=%2Fwp%2Fv2%2Ftags&post=14067"}],"curies":[{"name":"wp","href":"https:\/\/api.w.org\/{rel}","templated":true}]}}