{"id":14065,"date":"2026-03-20T16:31:28","date_gmt":"2026-03-20T16:31:28","guid":{"rendered":"https:\/\/eskigazeteci.com\/?p=14065"},"modified":"2026-03-20T16:31:28","modified_gmt":"2026-03-20T16:31:28","slug":"super-ligde-erteleme-maclarinin-tarihleri-aciklandi","status":"publish","type":"post","link":"https:\/\/eskigazeteci.com\/?p=14065","title":{"rendered":"S\u00fcper Lig&#8217;de erteleme ma\u00e7lar\u0131n\u0131n tarihleri a\u00e7\u0131kland\u0131!"},"content":{"rendered":"<p>S\u00fcper Lig &#x27;de 27. hafta erteleme ma\u00e7lar\u0131n\u0131n program\u0131 a\u00e7\u0131kland\u0131.<\/p>\n<p>G\u00f6ztepe ile Galatasaray &#x27;\u0131n kozlar\u0131n\u0131 payla\u015faca\u011f\u0131 m\u00fccadeleyi 8 Nisan&#x27;da oynanacak. \u00c7aykur Rizespor ile Samsunspor ise 9 Nisan&#x27;da kar\u015f\u0131la\u015facak.<\/p>\n<p>8 Nisan \u00c7ar\u015famba:<\/p>\n<p>20:00 G\u00f6ztepe &#8211; Galatasaray<\/p>\n<p>9 Nisan Per\u015fembe:<\/p>\n<p>20:00 \u00c7aykur Rizespor &#8211; Samsunspor<\/p>\n<p>GALATASARAY&#x27;I BEKLEYEN F\u0130KST\u00dcR<\/p>\n<p>Sar\u0131-k\u0131rm\u0131z\u0131l\u0131lar, 4 Nisan Cumartesi g\u00fcn\u00fc Trabzonspor ile deplasmanda kar\u015f\u0131la\u015facak. 8 Nisan&#x27;da G\u00f6ztepe deplasman\u0131na gidecek\u00e7 olan Galatasaray, 12 Nisan&#x27;da Kocaelispor&#x27;u a\u011f\u0131rlayacak.<\/p>\n<p>T\u00fcrkiye&#x27;den ve D\u00fcnya\u2019dan son dakika haberleri, k\u00f6\u015fe yaz\u0131lar\u0131, magazinden siyasete, spordan seyahate b\u00fct\u00fcn konular\u0131n tek adresi Hurriyet.com.tr haber i\u00e7erikleri izin al\u0131nmadan, kaynak g\u00f6sterilerek dahi iktibas edilemez. Kanuna ayk\u0131r\u0131 ve izinsiz olarak kopyalanamaz, ba\u015fka yerde yay\u0131nlanamaz.<\/p>\n","protected":false},"excerpt":{"rendered":"<p>S\u00fcper Lig&#8217;de 27. hafta erteleme ma\u00e7lar\u0131n\u0131n program\u0131 resmen a\u00e7\u0131kland\u0131.<\/p>\n","protected":false},"author":2,"featured_media":14064,"comment_status":"open","ping_status":"open","sticky":false,"template":"","format":"standard","meta":{"footnotes":""},"categories":[8,5,7],"tags":[],"class_list":["post-14065","post","type-post","status-publish","format-standard","has-post-thumbnail","hentry","category-arsiv","category-son-dakika","category-spor"],"_links":{"self":[{"href":"https:\/\/eskigazeteci.com\/index.php?rest_route=\/wp\/v2\/posts\/14065","targetHints":{"allow":["GET"]}}],"collection":[{"href":"https:\/\/eskigazeteci.com\/index.php?rest_route=\/wp\/v2\/posts"}],"about":[{"href":"https:\/\/eskigazeteci.com\/index.php?rest_route=\/wp\/v2\/types\/post"}],"author":[{"embeddable":true,"href":"https:\/\/eskigazeteci.com\/index.php?rest_route=\/wp\/v2\/users\/2"}],"replies":[{"embeddable":true,"href":"https:\/\/eskigazeteci.com\/index.php?rest_route=%2Fwp%2Fv2%2Fcomments&post=14065"}],"version-history":[{"count":0,"href":"https:\/\/eskigazeteci.com\/index.php?rest_route=\/wp\/v2\/posts\/14065\/revisions"}],"wp:featuredmedia":[{"embeddable":true,"href":"https:\/\/eskigazeteci.com\/index.php?rest_route=\/wp\/v2\/media\/14064"}],"wp:attachment":[{"href":"https:\/\/eskigazeteci.com\/index.php?rest_route=%2Fwp%2Fv2%2Fmedia&parent=14065"}],"wp:term":[{"taxonomy":"category","embeddable":true,"href":"https:\/\/eskigazeteci.com\/index.php?rest_route=%2Fwp%2Fv2%2Fcategories&post=14065"},{"taxonomy":"post_tag","embeddable":true,"href":"https:\/\/eskigazeteci.com\/index.php?rest_route=%2Fwp%2Fv2%2Ftags&post=14065"}],"curies":[{"name":"wp","href":"https:\/\/api.w.org\/{rel}","templated":true}]}}