{"id":14063,"date":"2026-03-20T16:22:59","date_gmt":"2026-03-20T16:22:59","guid":{"rendered":"https:\/\/eskigazeteci.com\/?p=14063"},"modified":"2026-03-20T16:22:59","modified_gmt":"2026-03-20T16:22:59","slug":"bakan-ciftci-aziz-sehitlere-borclu-oldugumuzu-hepimiz-biliyoruz","status":"publish","type":"post","link":"https:\/\/eskigazeteci.com\/?p=14063","title":{"rendered":"Bakan \u00c7ift\u00e7i: Aziz \u015fehitlere bor\u00e7lu oldu\u011fumuzu hepimiz biliyoruz"},"content":{"rendered":"<p>Vatanda\u015flarla bayramla\u015fan ve yak\u0131ndan ilgilendi\u011fi gazilerle sohbet eden \u00c7ift\u00e7i, burada yapt\u0131\u011f\u0131 konu\u015fmada, rahmet, bereket, yard\u0131mla\u015fma, dayan\u0131\u015fma ve payla\u015fma ay\u0131 olan ramazan\u0131 geride b\u0131rakt\u0131klar\u0131n\u0131 s\u00f6yledi.<\/p>\n<p>Hep birlikte Ramazan Bayram\u0131 &#x27;n\u0131 idrak ettiklerini belirten \u00c7ift\u00e7i, &quot;Allah sa\u011fl\u0131k ve afiyet i\u00e7erisinde nice bayramlara kavu\u015fmam\u0131z\u0131 hepimize tekrar tekrar nasip etsin. Yine bu vesileyle ramazanda tuttu\u011fumuz oru\u00e7lar\u0131n, yapm\u0131\u015f oldu\u011fumuz ibadetlerin de kabul ve makbul olmas\u0131n\u0131 Cenab-\u0131 Hak&#x27;tan niyaz ediyorum.&quot; dedi.<\/p>\n<p>Bayramlar\u0131n \u00f6nemine vurgu yapan \u00c7ift\u00e7i, \u015f\u00f6yle devam etti:<\/p>\n<p>&quot;Bayramlar\u0131m\u0131z, \u00f6zellikle de dini bayramlar\u0131m\u0131z, toplumsal birlik ve beraberli\u011fin peki\u015fti\u011fi, millet olma \u015fuurunu derinden hissetti\u011fimiz, toplumsal dayan\u0131\u015fman\u0131n tabiri caizse zirve yapt\u0131\u011f\u0131 g\u00fcnlerdir. Bu m\u00fcstesna g\u00fcnlerde b\u00fcy\u00fckleri ziyaret eder, ellerini \u00f6per, k\u00fc\u00e7\u00fckleri sevindirir, hatta fakir fukaray\u0131 g\u00f6zetiriz. Bu arada ge\u00e7mi\u015flerimizi de yad ederiz. Arife g\u00fcnleri onlar\u0131 da mezarl\u0131klarda ziyaret ederiz. \u015eehitliklerimizi ziyaret ederiz. \u00c7\u00fcnk\u00fc bu aziz vatanda h\u00fcr ve ba\u011f\u0131ms\u0131z bir \u015fekilde ya\u015fayabiliyorsak bunu aziz \u015fehitlere bor\u00e7lu oldu\u011fumuzu hepimiz biliyoruz. Cenab-\u0131 Hak t\u00fcm \u015fehitlerimize rahmetiyle, merhametiyle&#8230;<\/p>\n","protected":false},"excerpt":{"rendered":"<p>Bakan \u00c7ift\u00e7i, Ramazan Bayram\u0131 dolay\u0131s\u0131yla Edremit il\u00e7esindeki Evliya \u00c7elebi Uygulama Oteli&#8217;nde d\u00fczenlenen bayramla\u015fma program\u0131na kat\u0131ld\u0131.<\/p>\n","protected":false},"author":2,"featured_media":14062,"comment_status":"open","ping_status":"open","sticky":false,"template":"","format":"standard","meta":{"footnotes":""},"categories":[8,6,5],"tags":[],"class_list":["post-14063","post","type-post","status-publish","format-standard","has-post-thumbnail","hentry","category-arsiv","category-gundem","category-son-dakika"],"_links":{"self":[{"href":"https:\/\/eskigazeteci.com\/index.php?rest_route=\/wp\/v2\/posts\/14063","targetHints":{"allow":["GET"]}}],"collection":[{"href":"https:\/\/eskigazeteci.com\/index.php?rest_route=\/wp\/v2\/posts"}],"about":[{"href":"https:\/\/eskigazeteci.com\/index.php?rest_route=\/wp\/v2\/types\/post"}],"author":[{"embeddable":true,"href":"https:\/\/eskigazeteci.com\/index.php?rest_route=\/wp\/v2\/users\/2"}],"replies":[{"embeddable":true,"href":"https:\/\/eskigazeteci.com\/index.php?rest_route=%2Fwp%2Fv2%2Fcomments&post=14063"}],"version-history":[{"count":0,"href":"https:\/\/eskigazeteci.com\/index.php?rest_route=\/wp\/v2\/posts\/14063\/revisions"}],"wp:featuredmedia":[{"embeddable":true,"href":"https:\/\/eskigazeteci.com\/index.php?rest_route=\/wp\/v2\/media\/14062"}],"wp:attachment":[{"href":"https:\/\/eskigazeteci.com\/index.php?rest_route=%2Fwp%2Fv2%2Fmedia&parent=14063"}],"wp:term":[{"taxonomy":"category","embeddable":true,"href":"https:\/\/eskigazeteci.com\/index.php?rest_route=%2Fwp%2Fv2%2Fcategories&post=14063"},{"taxonomy":"post_tag","embeddable":true,"href":"https:\/\/eskigazeteci.com\/index.php?rest_route=%2Fwp%2Fv2%2Ftags&post=14063"}],"curies":[{"name":"wp","href":"https:\/\/api.w.org\/{rel}","templated":true}]}}