{"id":14061,"date":"2026-03-20T16:21:27","date_gmt":"2026-03-20T16:21:27","guid":{"rendered":"https:\/\/eskigazeteci.com\/?p=14061"},"modified":"2026-03-20T16:21:27","modified_gmt":"2026-03-20T16:21:27","slug":"rapci-vahap-canbay-kimdir-nereli-kac-yasinda","status":"publish","type":"post","link":"https:\/\/eskigazeteci.com\/?p=14061","title":{"rendered":"Rap\u00e7i Vahap Canbay kimdir, nereli, ka\u00e7 ya\u015f\u0131nda?"},"content":{"rendered":"<p>Sahne ad\u0131yla Canbay olarak tan\u0131nan 10 Kas\u0131m 1997 do\u011fumlu Vahap Canbay, T\u00fcrk rap m\u00fczi\u011finin son y\u0131llardaki en pop\u00fcler isimlerinden biridir. \u00d6zellikle arabesk ezgileri rap ritimleriyle harmanlad\u0131\u011f\u0131 &quot;Melodik Rap&quot; tarz\u0131yla geni\u015f bir kitleye ula\u015fm\u0131\u015ft\u0131r. \u0130stanbul&#x27;da ya\u015fayan Vahap Canbay, aslen Malatyal\u0131d\u0131r.<\/p>\n<p>KAR\u0130YER YOLCULU\u011eU VE BA\u015eARILARI<\/p>\n<p>M\u00fczi\u011fe 2009 y\u0131l\u0131nda amat\u00f6r olarak ba\u015flayan Vahap Canbay, \u00e7ocukluk arkada\u015f\u0131 Umut Bolat (Wolker) ile birlikte &quot; Canbay &amp; Wolker &quot; grubunu kurdu. \u0130kili, \u00f6zellikle dijital platformlarda milyonlarca kez dinlenen \u015fark\u0131lar\u0131yla b\u00fcy\u00fck bir \u00e7\u0131k\u0131\u015f yakalad\u0131.<\/p>\n<p>\u00d6ne \u00c7\u0131kan \u015eark\u0131lar\u0131:<\/p>\n<p>\u2022Elbet Bir G\u00fcn: Grubun tan\u0131nmas\u0131n\u0131 sa\u011flayan en b\u00fcy\u00fck hitlerinden biridir.<\/p>\n<p>\u2022Fersah: YouTube ve Spotify listelerinde uzun s\u00fcre zirvede kalm\u0131\u015ft\u0131r.<\/p>\n<p>\u2022Yana Yana: Arabesk-rap sentezinin en ba\u015far\u0131l\u0131 \u00f6rneklerinden biri kabul edilir.<\/p>\n<p>\u2022Leylim Yar &amp; Yang\u0131nlar: Grubun m\u00fczikal \u00e7e\u015fitlili\u011fini kan\u0131tlayan di\u011fer pop\u00fcler eserleridir.<\/p>\n<p>\u00dcMRAN\u0130YE&#x27;DEK\u0130 KANLI PUSU VE \u015eOK \u0130DD\u0130ALAR<\/p>\n<p>19 Mart 2026 gecesi \u0130stanbul \u00dcmraniye&#x27;de ya\u015fanan olayda, i\u00e7erisinde Vahap Canbay&#x27;\u0131n da bulundu\u011fu l\u00fcks ara\u00e7 seyir halindeyken silahl\u0131 sald\u0131r\u0131ya u\u011frad\u0131. Sald\u0131r\u0131 sonucunda ara\u00e7ta bulunan 21 ya\u015f\u0131ndaki futbolcu Kubilay Kaan Kundak\u00e7\u0131 a\u011f\u0131r&#8230;<\/p>\n","protected":false},"excerpt":{"rendered":"<p>\u0130stanbul \u00dcmraniye&#8217;de meydana gelen ve gen\u00e7 futbolcu Kubilay Kaan Kundak\u00e7\u0131&#8217;n\u0131n hayat\u0131n\u0131 kaybetti\u011fi silahl\u0131 sald\u0131r\u0131, g\u00f6zleri \u00fcnl\u00fc rap\u00e7i Vahap Canbay&#8217;a \u00e7evirdi&#8230;.<\/p>\n","protected":false},"author":2,"featured_media":14060,"comment_status":"open","ping_status":"open","sticky":false,"template":"","format":"standard","meta":{"footnotes":""},"categories":[8,6,5],"tags":[],"class_list":["post-14061","post","type-post","status-publish","format-standard","has-post-thumbnail","hentry","category-arsiv","category-gundem","category-son-dakika"],"_links":{"self":[{"href":"https:\/\/eskigazeteci.com\/index.php?rest_route=\/wp\/v2\/posts\/14061","targetHints":{"allow":["GET"]}}],"collection":[{"href":"https:\/\/eskigazeteci.com\/index.php?rest_route=\/wp\/v2\/posts"}],"about":[{"href":"https:\/\/eskigazeteci.com\/index.php?rest_route=\/wp\/v2\/types\/post"}],"author":[{"embeddable":true,"href":"https:\/\/eskigazeteci.com\/index.php?rest_route=\/wp\/v2\/users\/2"}],"replies":[{"embeddable":true,"href":"https:\/\/eskigazeteci.com\/index.php?rest_route=%2Fwp%2Fv2%2Fcomments&post=14061"}],"version-history":[{"count":0,"href":"https:\/\/eskigazeteci.com\/index.php?rest_route=\/wp\/v2\/posts\/14061\/revisions"}],"wp:featuredmedia":[{"embeddable":true,"href":"https:\/\/eskigazeteci.com\/index.php?rest_route=\/wp\/v2\/media\/14060"}],"wp:attachment":[{"href":"https:\/\/eskigazeteci.com\/index.php?rest_route=%2Fwp%2Fv2%2Fmedia&parent=14061"}],"wp:term":[{"taxonomy":"category","embeddable":true,"href":"https:\/\/eskigazeteci.com\/index.php?rest_route=%2Fwp%2Fv2%2Fcategories&post=14061"},{"taxonomy":"post_tag","embeddable":true,"href":"https:\/\/eskigazeteci.com\/index.php?rest_route=%2Fwp%2Fv2%2Ftags&post=14061"}],"curies":[{"name":"wp","href":"https:\/\/api.w.org\/{rel}","templated":true}]}}