{"id":14059,"date":"2026-03-20T16:13:00","date_gmt":"2026-03-20T16:13:00","guid":{"rendered":"https:\/\/eskigazeteci.com\/?p=14059"},"modified":"2026-03-20T16:13:00","modified_gmt":"2026-03-20T16:13:00","slug":"bakan-yumakli-gecemizi-gunduzumuze-katiyoruz-katmaya-da-devam-edecegiz","status":"publish","type":"post","link":"https:\/\/eskigazeteci.com\/?p=14059","title":{"rendered":"Bakan Yumakl\u0131: Gecemizi g\u00fcnd\u00fcz\u00fcm\u00fcze kat\u0131yoruz, katmaya da devam edece\u011fiz"},"content":{"rendered":"<p>Tar\u0131m ve Orman Bakan\u0131 \u0130brahim Yumakl\u0131 , Ramazan Bayram\u0131 dolay\u0131s\u0131yla memleketi Kastamonu\u2019da bir dizi programa kat\u0131ld\u0131. Ziyaretlerine Kastamonu Orman B\u00f6lge M\u00fcd\u00fcrl\u00fc\u011f\u00fc Mobil Kontrol Noktas\u0131\u2019n\u0131 ziyaret ederek ba\u015flayan Bakan Yumakl\u0131, bayram mesaisinde g\u00f6rev yapan orman i\u015f\u00e7ileri ve orman muhafaza memurlar\u0131n\u0131n bayram\u0131n\u0131 kutlad\u0131. Burada konu\u015fan Yumakl\u0131, &quot;Ormanlar\u0131m\u0131z\u0131 her t\u00fcrl\u00fc tehlikeye kar\u015f\u0131 korumak i\u00e7in teyakkuzda olan t\u00fcm \u00e7al\u0131\u015fma arkada\u015flar\u0131m\u0131n ve k\u0131ymetli ailelerinin bayram\u0131 m\u00fcbarek olsun&quot; ifadelerini kulland\u0131.<\/p>\n<p>Cuma namaz\u0131 sonras\u0131 Kastamonu Nasrullah Meydan\u0131\u2019nda esnaf ziyareti ger\u00e7ekle\u015ftiren Bakan Yumakl\u0131, vatanda\u015flarla bir araya gelerek bayramla\u015ft\u0131. Ziyaret s\u0131ras\u0131nda hat\u0131ra foto\u011fraflar\u0131 \u00e7ektirdi. Program kapsam\u0131nda Kastamonu Valili\u011fi\u2019ne ge\u00e7en Bakan Yumakl\u0131, burada d\u00fczenlenen programa kat\u0131larak protokol ve vatanda\u015flarla bayramla\u015ft\u0131. Kastamonu Valisi Meftun Dall\u0131 ve il protokol\u00fcn\u00fcn kat\u0131l\u0131m\u0131yla ger\u00e7ekle\u015ftirilen programda dua edilerek bayram kutland\u0131. Programda konu\u015fan Yumakl\u0131, bayramla\u015fma gelene\u011finin \u00f6nemine dikkat \u00e7ekerek, &quot;Daha \u00f6ncesinde \u00e7ocuklu\u011fumuzda hep beraber ailece b\u00fcy\u00fcklerimizin evine giderken heyecan\u0131m\u0131z olurdu. Daha sonra bu de\u011fi\u015fti. \u00d6nce telefonlara d\u00f6nd\u00fc, belki&#8230;<\/p>\n","protected":false},"excerpt":{"rendered":"<p>Tar\u0131m ve Orman Bakan\u0131 \u0130brahim Yumakl\u0131, Amerika, \u0130srail ve \u0130ran sava\u015f\u0131ndan hareketle s\u00f6yl\u00fcyorum; T\u00fcrkiye&#8217;mizin, \u00fclkemizin minimumda etkilenmesi i\u00e7in ba\u015fta&#8230;<\/p>\n","protected":false},"author":2,"featured_media":14058,"comment_status":"open","ping_status":"open","sticky":false,"template":"","format":"standard","meta":{"footnotes":""},"categories":[8,6,5],"tags":[],"class_list":["post-14059","post","type-post","status-publish","format-standard","has-post-thumbnail","hentry","category-arsiv","category-gundem","category-son-dakika"],"_links":{"self":[{"href":"https:\/\/eskigazeteci.com\/index.php?rest_route=\/wp\/v2\/posts\/14059","targetHints":{"allow":["GET"]}}],"collection":[{"href":"https:\/\/eskigazeteci.com\/index.php?rest_route=\/wp\/v2\/posts"}],"about":[{"href":"https:\/\/eskigazeteci.com\/index.php?rest_route=\/wp\/v2\/types\/post"}],"author":[{"embeddable":true,"href":"https:\/\/eskigazeteci.com\/index.php?rest_route=\/wp\/v2\/users\/2"}],"replies":[{"embeddable":true,"href":"https:\/\/eskigazeteci.com\/index.php?rest_route=%2Fwp%2Fv2%2Fcomments&post=14059"}],"version-history":[{"count":0,"href":"https:\/\/eskigazeteci.com\/index.php?rest_route=\/wp\/v2\/posts\/14059\/revisions"}],"wp:featuredmedia":[{"embeddable":true,"href":"https:\/\/eskigazeteci.com\/index.php?rest_route=\/wp\/v2\/media\/14058"}],"wp:attachment":[{"href":"https:\/\/eskigazeteci.com\/index.php?rest_route=%2Fwp%2Fv2%2Fmedia&parent=14059"}],"wp:term":[{"taxonomy":"category","embeddable":true,"href":"https:\/\/eskigazeteci.com\/index.php?rest_route=%2Fwp%2Fv2%2Fcategories&post=14059"},{"taxonomy":"post_tag","embeddable":true,"href":"https:\/\/eskigazeteci.com\/index.php?rest_route=%2Fwp%2Fv2%2Ftags&post=14059"}],"curies":[{"name":"wp","href":"https:\/\/api.w.org\/{rel}","templated":true}]}}