{"id":14057,"date":"2026-03-20T16:11:27","date_gmt":"2026-03-20T16:11:27","guid":{"rendered":"https:\/\/eskigazeteci.com\/?p=14057"},"modified":"2026-03-20T16:11:27","modified_gmt":"2026-03-20T16:11:27","slug":"victor-osimhen-icin-nijeryada-dua-edildi","status":"publish","type":"post","link":"https:\/\/eskigazeteci.com\/?p=14057","title":{"rendered":"Victor Osimhen i\u00e7in Nijerya&#8217;da dua edildi!"},"content":{"rendered":"<p>Galatasaray &#x27;da Victor Osimhen, Liverpool ile oynanan \u015eampiyonlar Ligi son 16 turu r\u00f6van\u015f ma\u00e7\u0131nda talihsiz bir sakatl\u0131k ya\u015fad\u0131.<\/p>\n<p>Nijeryal\u0131 golc\u00fc, Liverpool kar\u015f\u0131la\u015fmas\u0131nda Ibrahima Konate ile girdi\u011fi ikili m\u00fccadele sonras\u0131 kolundan sakatland\u0131.<\/p>\n<p>KOLUNDA KIRIK TESP\u0130T ED\u0130LD\u0130<\/p>\n<p>Ma\u00e7\u0131n ard\u0131ndan hastanede yap\u0131lan kontrollerde Osimhen&#x27;in sa\u011f \u00f6n kolunda k\u0131r\u0131k tespit edildi. Y\u0131ld\u0131z futbolcunun koluna al\u00e7\u0131 uygulan\u0131rken, ameliyat gerekip gerekmedi\u011fine \u00f6n\u00fcm\u00fczdeki g\u00fcnlerde yap\u0131lacak de\u011ferlendirmelerin ard\u0131ndan karar verilece\u011fi bildirildi.<\/p>\n<p>Sa\u011f \u00f6n koldaki k\u0131r\u0131\u011f\u0131n durumu ve iyile\u015fme s\u00fcrecinin nas\u0131l ilerleyece\u011fi, yap\u0131lacak detayl\u0131 incelemenin ard\u0131ndan kesinle\u015fecek. Y\u0131ld\u0131z futbolcunun sahalara d\u00f6n\u00fc\u015f takvimi de bu s\u00fcrecin ard\u0131ndan belli olacak.<\/p>\n<p>DUA ED\u0130LD\u0130<\/p>\n<p>Nijeryal\u0131 eski futbolcu Odion Ighalo, sakatlanan Victor Osimhen &#x27;i dua etmesi i\u00e7in annesinin yan\u0131na g\u00f6t\u00fcrd\u00fc.<\/p>\n<p>T\u00fcrkiye&#x27;den ve D\u00fcnya\u2019dan son dakika haberleri, k\u00f6\u015fe yaz\u0131lar\u0131, magazinden siyasete, spordan seyahate b\u00fct\u00fcn konular\u0131n tek adresi Hurriyet.com.tr haber i\u00e7erikleri izin al\u0131nmadan, kaynak g\u00f6sterilerek dahi iktibas edilemez. Kanuna ayk\u0131r\u0131 ve izinsiz olarak kopyalanamaz, ba\u015fka yerde yay\u0131nlanamaz.<\/p>\n","protected":false},"excerpt":{"rendered":"<p>Liglere verilen milli arada \u00fclkesi Nijerya&#8217;ya giden Galatasaray&#8217;\u0131n golc\u00fcs\u00fc Osimhen i\u00e7in dua edildi.<\/p>\n","protected":false},"author":2,"featured_media":14056,"comment_status":"open","ping_status":"open","sticky":false,"template":"","format":"standard","meta":{"footnotes":""},"categories":[8,5,7],"tags":[],"class_list":["post-14057","post","type-post","status-publish","format-standard","has-post-thumbnail","hentry","category-arsiv","category-son-dakika","category-spor"],"_links":{"self":[{"href":"https:\/\/eskigazeteci.com\/index.php?rest_route=\/wp\/v2\/posts\/14057","targetHints":{"allow":["GET"]}}],"collection":[{"href":"https:\/\/eskigazeteci.com\/index.php?rest_route=\/wp\/v2\/posts"}],"about":[{"href":"https:\/\/eskigazeteci.com\/index.php?rest_route=\/wp\/v2\/types\/post"}],"author":[{"embeddable":true,"href":"https:\/\/eskigazeteci.com\/index.php?rest_route=\/wp\/v2\/users\/2"}],"replies":[{"embeddable":true,"href":"https:\/\/eskigazeteci.com\/index.php?rest_route=%2Fwp%2Fv2%2Fcomments&post=14057"}],"version-history":[{"count":0,"href":"https:\/\/eskigazeteci.com\/index.php?rest_route=\/wp\/v2\/posts\/14057\/revisions"}],"wp:featuredmedia":[{"embeddable":true,"href":"https:\/\/eskigazeteci.com\/index.php?rest_route=\/wp\/v2\/media\/14056"}],"wp:attachment":[{"href":"https:\/\/eskigazeteci.com\/index.php?rest_route=%2Fwp%2Fv2%2Fmedia&parent=14057"}],"wp:term":[{"taxonomy":"category","embeddable":true,"href":"https:\/\/eskigazeteci.com\/index.php?rest_route=%2Fwp%2Fv2%2Fcategories&post=14057"},{"taxonomy":"post_tag","embeddable":true,"href":"https:\/\/eskigazeteci.com\/index.php?rest_route=%2Fwp%2Fv2%2Ftags&post=14057"}],"curies":[{"name":"wp","href":"https:\/\/api.w.org\/{rel}","templated":true}]}}